{"id":12393,"date":"2023-03-30T06:00:58","date_gmt":"2023-03-30T04:00:58","guid":{"rendered":"https:\/\/www.danea.it\/blog\/?p=12393"},"modified":"2023-03-31T12:56:24","modified_gmt":"2023-03-31T10:56:24","slug":"dipendente-partita-iva-mettersi-in-proprio","status":"publish","type":"post","link":"https:\/\/www.danea.it\/blog\/dipendente-partita-iva-mettersi-in-proprio\/","title":{"rendered":"Passare da dipendente a partita IVA: 5 consigli prima di licenziarsi"},"content":{"rendered":"<p>Una volta presa la decisione di lasciare il posto di lavoro e metterti in proprio \u00e8 fondamentale iniziare da subito con la gestione delle fasi del passaggio, ancor prima di consegnare le dimissioni.<br \/>\nEcco alcuni consigli che ti possono tornare utili.<\/p>\n\n<h3>#1- Conosci in modo dettagliato le condizioni del tuo contratto<\/h3>\n<p>Prima di abbandonare l&#8217;azienda in cui sei dipendente per iniziare a lavorare in proprio, \u00e8 importante che tu conosca in modo dettagliato le <strong>condizioni del tuo contratto<\/strong>.<\/p>\n<p>Infatti, potresti trovare delle <strong>clausole di non concorrenza<\/strong> che ti impediscono di acquisire i clienti della tua vecchia impresa o altri vincoli di non concorrenza. Verificare l&#8217;esistenza di tali condizioni \u00e8 essenziale per evitare di trovarti in situazioni spiacevoli che potrebbero portare a cause legali proprio quando ti dovresti concentrare sull&#8217;avvio del nuovo business.<\/p>\n<blockquote><p>Scopri come eseguire il <a href=\"https:\/\/www.danea.it\/blog\/calcolo-costo-orario\/\">calcolo del costo orario di un professionista<\/a><\/p><\/blockquote>\n<h3>#2- Impegnati al massimo nelle mansioni fino all\u2019ultimo giorno di lavoro<\/h3>\n<p>Anche se stai per lasciare il tuo posto fisso, devi impegnarti al massimo nelle mansioni da svolgere fino a quando non avrai completato il tuo licenziamento. \u00c8 importante rispettare le scadenze, arrivare alle riunioni in orario e mantenere alto l&#8217;entusiasmo. Se non lo fai,<strong> rischi di danneggiare la tua reputazione<\/strong> e quella della tua nuova attivit\u00e0 imprenditoriale.<\/p>\n<a class=\"cta-container\" data-click-cta=\"ef-01\" href=\"\/software\/easyfatt\/cloud\/\"><div style=\"background-color:#3bb1cd; color: #fff; margin: 1em 0;\">\r\n  <div class=\"row\" style=\"padding: 1em;\">\r\n    <div class=\"col-md-5\">\r\n<img decoding=\"async\" class=\"img-fluid\" src=\"\/blog\/wp-content\/uploads\/img-banner-blog-EF-v2.png\" alt=\"Easyfatt Cloud - gestionale cloud\">\r\n    <\/div>\r\n    <div class=\"col-md-7\">\r\n     <img decoding=\"async\" class=\"img-fluid\" width=\"200\" src=\"\/blog\/wp-content\/uploads\/Logo-EF-Cloud-1.png\" alt=\"easyfatt cloud\" style=\"margin-top: 5px; margin-bottom: 5px\">\r\n      <br>\r\n      <p><span style=\"font-size: 17px\">La semplicit\u00e0 di Easyfatt, con la libert\u00e0 del Cloud. Gestisci fatture, magazzino, acquisti e pagamenti ovunque ti trovi.<\/span>\r\n      <\/p>\r\n      <div>\r\n        <span class=\"btn btn-banner-green\">\r\n          SCOPRI EASYFATT CLOUD <i class=\"fa-solid fa-arrow-right\"><\/i>\r\n        <\/span>\r\n      <\/div>\r\n    <\/div>\r\n  <\/div>\r\n<\/div>\r\n<\/a>\n<p>Il consiglio \u00e8 di <strong>onorare il tuo lavoro attuale<\/strong>, dedicando poi il tuo tempo libero allo sviluppo della tua idea imprenditoriale.<\/p>\n<blockquote><p>Scopri anche cos\u2019\u00e8 lo <a href=\"\/blog\/scadenzario-pagamenti\/\">scadenzario pagamenti<\/a> e come ti aiuta nella gestione dell&#8217;impresa<\/p><\/blockquote>\n<h3>#3- Imponiti una disciplina<\/h3>\n<p>Prima di lasciare il tuo lavoro fisso per iniziare la tua attivit\u00e0 imprenditoriale, devi imparare a <strong>impostare una certa disciplina<\/strong> che ti consenta di gestire entrambe le attivit\u00e0 contemporaneamente. Se il lavoro dipendente ti occupa dal luned\u00ec al venerd\u00ec durante il giorno, puoi e devi sfruttare le prime ore del mattino, la sera e i weekend per prepararti al lancio della tua nuova attivit\u00e0.<\/p>\n<p>Tuttavia, per farlo con successo, devi <strong>stabilire e rispettare un programma preciso<\/strong>. Certo, non tutti sono in grado di autogestirsi al meglio, ma fare pratica prima di licenziarsi attuale ti permetter\u00e0 di capire in anticipo se possiedi l\u2019approccio giusto per passare dall\u2019avere un titolare che detta le regole a essere il titolare di te stesso\/a.<\/p>\n<blockquote><p>Scopri anche la <a href=\"\/blog\/matrice-di-eisenhower-covey\/\">Matrice di Eisenhower<\/a> per la gestione delle priorit\u00e0<\/p><\/blockquote>\n<h3>#4- Gestisci la nuova impresa come un\u2019attivit\u00e0 effettiva e legittima<\/h3>\n<p>Quando ti stai organizzando per metterti in proprio e sei in una fase in cui lavori contemporaneamente per due realt\u00e0, devi<strong> gestire la nuova impresa come un\u2019attivit\u00e0 imprenditoriale a pieno titolo<\/strong>. Cosa vuol dire questo? Significa che i guadagni devono arrivare anche dalla tua nuova attivit\u00e0.<\/p>\n<p>E questo \u00e8 il momento in cui devi assumerti tutte le responsabilit\u00e0, organizzare le tue finanze, <a href=\"\/blog\/come-fare-un-preventivo\/\">fare preventivi<\/a>, emettere <a href=\"\/fatture\/\">fatture<\/a>, regolare il reddito, pagare le tasse, e cos\u00ec via. Un buon consiglio da mettere in pratica \u00e8 quello di <strong>affidarti a un consulente fiscale o a un commercialista<\/strong>, che ti dar\u00e0 le giuste indicazioni su come investire nel tuo business, come ridurre le spese e come tenere i conti in ordine.<\/p>\n<blockquote><p>Scopri <a href=\"\/blog\/cosa-fa-il-commercialista\/\">cosa fa un commercialista<\/a> per la tua attivit\u00e0<\/p><\/blockquote>\n<h3>#5- Stabilisci quando dedicarti completamente al nuovo business<\/h3>\n<p>Prima di iniziare a lavorare stabilmente in proprio, \u00e8 importante <strong>assicurarti che la tua nuova attivit\u00e0 possa fornirti guadagni sufficienti<\/strong> per soddisfare le tue normali esigenze. Il primo passo da fare \u00e8 trovare clienti e assicurarti che essi siano una buona fonte di reddito, in modo da evitare un rapido tracollo finanziario.<\/p>\n<div class=\"post-tags2\"><a href=\"https:\/\/www.danea.it\/blog\/tag\/easyfatt\/\"> Consigliati per Easyfatt<\/a><\/div>\n","protected":false},"excerpt":{"rendered":"<p>Vuoi passare da dipendente a Partita Iva (libero professionista o imprenditore)? Scopri 5 consigli da seguire prima di licenziarsi.<\/p>\n<div style=\"margin-bottom:35px\"><\/div>\n","protected":false},"author":31,"featured_media":12396,"comment_status":"open","ping_status":"open","sticky":false,"template":"","format":"standard","meta":{"yasr_overall_rating":0,"yasr_post_is_review":"","yasr_auto_insert_disabled":"","yasr_review_type":"","footnotes":""},"categories":[84],"tags":[4],"class_list":["post-12393","post","type-post","status-publish","format-standard","has-post-thumbnail","hentry","category-mettersi-in-proprio","tag-easyfatt"],"yasr_visitor_votes":{"stars_attributes":{"read_only":false,"span_bottom":false},"number_of_votes":16,"sum_votes":49},"wps_subtitle":"Come affrontare il passaggio da dipendente a Partita Iva (libero professionista o imprenditore) quando decidi di lasciare il posto di lavoro per metterti in proprio.","_links":{"self":[{"href":"https:\/\/www.danea.it\/blog\/wp-json\/wp\/v2\/posts\/12393","targetHints":{"allow":["GET"]}}],"collection":[{"href":"https:\/\/www.danea.it\/blog\/wp-json\/wp\/v2\/posts"}],"about":[{"href":"https:\/\/www.danea.it\/blog\/wp-json\/wp\/v2\/types\/post"}],"author":[{"embeddable":true,"href":"https:\/\/www.danea.it\/blog\/wp-json\/wp\/v2\/users\/31"}],"replies":[{"embeddable":true,"href":"https:\/\/www.danea.it\/blog\/wp-json\/wp\/v2\/comments?post=12393"}],"version-history":[{"count":22,"href":"https:\/\/www.danea.it\/blog\/wp-json\/wp\/v2\/posts\/12393\/revisions"}],"predecessor-version":[{"id":26477,"href":"https:\/\/www.danea.it\/blog\/wp-json\/wp\/v2\/posts\/12393\/revisions\/26477"}],"wp:featuredmedia":[{"embeddable":true,"href":"https:\/\/www.danea.it\/blog\/wp-json\/wp\/v2\/media\/12396"}],"wp:attachment":[{"href":"https:\/\/www.danea.it\/blog\/wp-json\/wp\/v2\/media?parent=12393"}],"wp:term":[{"taxonomy":"category","embeddable":true,"href":"https:\/\/www.danea.it\/blog\/wp-json\/wp\/v2\/categories?post=12393"},{"taxonomy":"post_tag","embeddable":true,"href":"https:\/\/www.danea.it\/blog\/wp-json\/wp\/v2\/tags?post=12393"}],"curies":[{"name":"wp","href":"https:\/\/api.w.org\/{rel}","templated":true}]}}