{"id":16694,"date":"2018-08-28T06:21:12","date_gmt":"2018-08-28T04:21:12","guid":{"rendered":"https:\/\/www.danea.it\/blog\/?p=16694"},"modified":"2022-05-02T10:32:27","modified_gmt":"2022-05-02T08:32:27","slug":"flat-tax-partite-iva-proposta","status":"publish","type":"post","link":"https:\/\/www.danea.it\/blog\/flat-tax-partite-iva-proposta\/","title":{"rendered":"La Flat tax per le partite IVA: la proposta di ampliare il regime forfettario e le novit\u00e0"},"content":{"rendered":"<p>Mentre la riforma IRPEF, la cosiddetta Flat tax per i privati, prevista dal programma di governo sembra restare in stallo,<strong> i primi timidi passi sono stati mossi sul fronte partite IVA<\/strong> grazie alla proposta di legge per ampliare il <a href=\"\/blog\/regime-forfettario-requisiti\/\">regime forfettario<\/a> alle Partite IVA con redditi fino a 100.000 Euro.<\/p>\n<p>L\u2019intento \u00e8 quello di ampliare la platea di partite IVA che possono accedere al regime forfettario.<\/p>\n<p>L\u2019ipotesi delineata dalla proposta di legge presentata alla Camera prevede:<\/p>\n<ul>\n<li><strong>innalzamento a \u20ac 100.000 del limite di ricavi o compensi<\/strong> conseguiti l\u2019anno precedente per l\u2019accesso al regime agevolato;<\/li>\n<li><strong>soglia unica di \u20ac 100.000<\/strong>, invece di quelle attualmente in vigore <a href=\"\/blog\/regime-forfettario-requisiti\/#codici-ateco\">differenziate a seconda del codice attivit\u00e0 ATECO<\/a> (da 25mila a 50mila euro);<\/li>\n<li>accesso al regime fiscale minimo anche alle <strong>societ\u00e0 di persone e alle societ\u00e0 di capitali<\/strong>;<\/li>\n<li><strong>ampliato da 5mila a 15mila Euro il limite<\/strong> per lavoro accessorio, lavoro dipendente e per compensi erogati ai collaboratori, anche assunti per l\u2019esecuzione di specifici progetti;<\/li>\n<li><strong>ampliato da 20mila a 40mila Euro il limite<\/strong> per il costo complessivo dei beni strumentali al lordo degli ammortamenti;<\/li>\n<li>una ulteriore agevolazione nella forma di una <strong>aliquota al 5%<\/strong> \u00e8 pensata per le <strong>startup,<\/strong> le <strong>persone fisiche sotto i 35 anni e gli over 55<\/strong> per i primi periodi d\u2019imposta successivi all\u2019avvio dell\u2019attivit\u00e0.<\/li>\n<\/ul>\n<p>La proposta viene gi\u00e0 chiamata <em>\u201cMini Flat tax\u201d<\/em>, per distinguerla dal progetto pi\u00f9 ampio del governo. La misura dovrebbe coinvolgere circa mezzo milione di soggetti.<\/p>\n<h3>Mini Flat tax: agevolazioni e vantaggi dell\u2019ampliamento del regime forfettario<\/h3>\n<p>L\u2019obiettivo della proposta di legge \u00e8 di aiutare chi apre una partita Iva per immettersi o per rientrare nel mercato del lavoro. <strong>L\u2019aiuto non si materializza solo in una tassazione agevolata e in limiti maggiori di manovra, ma anche in una concreta riduzione del carico di adempimenti.<\/strong><\/p>\n<a class=\"cta-container\" data-click-cta=\"fic-01\" href=\"https:\/\/www.fattureincloud.it\/land\/fattura-elettronica-forfettario\/?utm_source=danea&utm_medium=banner&utm_campaign=danea-landing-to-FIC\" target=\"_blank\"><div style=\"background-color: #0094d4; color: #fff; margin: 1em 0;\">\r\n  <div class=\"row\" style=\"padding: 1em;\">\r\n    <div class=\"col-md-6\">\r\n      <img decoding=\"async\" class=\"img-fluid\" src=\"\/blog\/wp-content\/uploads\/img-banner-blog-forfettari-fatture-in-cloud.png\" alt=\"Fatture in Cloud - software fatturazione elettronica\" style=\"padding-top: 1em\">\r\n    <\/div>\r\n    <div class=\"col-md-6\" style=\"padding-right: 0.8em; padding-left: 0.5em;\">\r\n      <img decoding=\"async\" class=\"img-fluid\" width=\"140\" src=\"\/blog\/wp-content\/uploads\/logo-fatture-in-cloud-2024-bianco.png\" alt=\"fatture in cloud\"  style=\"margin-top: 5px\">\r\n      <p style=\"line-height:2px\"><\/p>\r\n      <p><span style=\"font-size: 18px\">\r\n        Hey, forfettario! Semplificati la vita.<\/span>\r\n      <br>\r\n       <span style=\"font-size: 18px\"><strong>\r\n      Fatture in Cloud \u00e8 in offerta a soli 4\u20ac\/mese!<\/span>\r\n      <\/p>\r\n      <div>\r\n        <span class=\"btn btn-banner-green\">\r\n           SCOPRI SUBITO L'OFFERTA <i class=\"fa-solid fa-arrow-right\"><\/i>\r\n        <\/span>\r\n      <\/div>\r\n    <\/div>\r\n  <\/div>\r\n<\/div>\r\n<\/a>\n<p>Il regime forfettario gi\u00e0 da tempo esonera da obblighi come la tenuta delle scritture contabili e la presentazione della comunicazione delle operazioni rilevanti ai fini Iva (\u201cspesometro\u201d). La proposta ipotizza l<strong>\u2019ulteriore esonero dagli\u2009<\/strong><a href=\"\/blog\/isa-indici-sintetici-affidabilita-fiscale-studi-di-settore\/\">Isa (Indici Sintetici di Affidabilit\u00e0 fiscale)<\/a>, destinati a prendere il posto degli studi di settore.<\/p>\n<p>Inoltre, i contribuenti in regime forfettario sono <strong>esonerati dall\u2019imminente obbligo di<\/strong> <a href=\"\/blog\/fatturazione-elettronica-guida\/\">fatturazione elettronica tra privati dal 2019<\/a>.<\/p>\n<p><em><strong>ATTENZIONE:<\/strong><\/em> anche i forfettari, sebbene esonerati dall\u2019obbligo di emissione della fattura elettronica, <span style=\"text-decoration: underline;\">dovranno ricevere e-fatture<\/span>.<\/p>\n<h3>Mini Flat tax per le partite IVA: gli ostacoli, i costi e le difficolt\u00e0<\/h3>\n<p>La proposta di legge \u00e8 fondamentalmente una <strong>base da cui far partire la discussione in vista della prossima legge di Bilancio<\/strong> mentre il Ministero dell&#8217;Economia e delle Finanze studia la proposta.<\/p>\n<p><strong>L\u2019ampliamento del regime forfettario a 500mila partite IVA<\/strong> \u00e8 il primo capitolo di una <strong>riforma fiscale<\/strong> che, in caso di effettiva e completa attuazione, avr\u00e0 un\u2019introduzione progressiva nel tempo.<\/p>\n<p>Nel breve periodo, date le coperture finanziarie limitate, si \u00e8 scelto di <strong>partire con l\u2019intervento verso i micro-business e il popolo delle partite IVA<\/strong>, rimandando gli interventi pi\u00f9 onerosi al futuro. Il costo stimato dell\u2019operazione \u201cmini flat tax\u201d al momento sarebbe di 3,5 miliardi di Euro a partire dal 2019.<\/p>\n<p><strong>Il budget non \u00e8 l\u2019unico ostacolo<\/strong> sul cammino della mini Flat tax.<\/p>\n<h4>Il problema Tempo<\/h4>\n<p>Le lancette corrono e i giorni volano, il fattore tempo \u00e8 fondamentale perch\u00e9 per realizzare la proposta servir\u00e0:<\/p>\n<ul>\n<li><strong>il via libera da parte della Commissione UE<\/strong>: le regole comunitarie prevedono che i regimi agevolati possano applicarsi fino a redditi massimi di 65mila Euro (ma vi sono precedenti di concessioni maggiori da parte della commissione);<\/li>\n<li><strong>tempo per l\u2019iter parlamentare<\/strong>: come ben sappiamo a volte le discussioni alle camere possono trasformarsi in vere e proprie sabbie mobili.<\/li>\n<\/ul>\n<div class=\"post-tags2\"><a href=\"https:\/\/www.danea.it\/blog\/tag\/easyfatt\/\"> Consigliati per Easyfatt<\/a><\/div>\n","protected":false},"excerpt":{"rendered":"<p>Il governo muove il primo passo verso la \u201cFlat tax\u201d proponendo l\u2019ampliamento del regime forfettario e rafforzando le agevolazioni, ma i tempi non saranno brevi<\/p>\n<div style=\"margin-bottom:35px\"><\/div>\n","protected":false},"author":26,"featured_media":16697,"comment_status":"open","ping_status":"open","sticky":false,"template":"","format":"standard","meta":{"yasr_overall_rating":0,"yasr_post_is_review":"","yasr_auto_insert_disabled":"","yasr_review_type":"","footnotes":""},"categories":[82,84],"tags":[4],"class_list":["post-16694","post","type-post","status-publish","format-standard","has-post-thumbnail","hentry","category-forfettari","category-mettersi-in-proprio","tag-easyfatt"],"yasr_visitor_votes":{"stars_attributes":{"read_only":false,"span_bottom":false},"number_of_votes":14,"sum_votes":64},"wps_subtitle":"Il governo muove il primo passo verso la \u201cFlat tax\u201d proponendo l\u2019ampliamento del regime forfettario e rafforzando le agevolazioni, ma i tempi non saranno brevi","_links":{"self":[{"href":"https:\/\/www.danea.it\/blog\/wp-json\/wp\/v2\/posts\/16694","targetHints":{"allow":["GET"]}}],"collection":[{"href":"https:\/\/www.danea.it\/blog\/wp-json\/wp\/v2\/posts"}],"about":[{"href":"https:\/\/www.danea.it\/blog\/wp-json\/wp\/v2\/types\/post"}],"author":[{"embeddable":true,"href":"https:\/\/www.danea.it\/blog\/wp-json\/wp\/v2\/users\/26"}],"replies":[{"embeddable":true,"href":"https:\/\/www.danea.it\/blog\/wp-json\/wp\/v2\/comments?post=16694"}],"version-history":[{"count":8,"href":"https:\/\/www.danea.it\/blog\/wp-json\/wp\/v2\/posts\/16694\/revisions"}],"predecessor-version":[{"id":16722,"href":"https:\/\/www.danea.it\/blog\/wp-json\/wp\/v2\/posts\/16694\/revisions\/16722"}],"wp:featuredmedia":[{"embeddable":true,"href":"https:\/\/www.danea.it\/blog\/wp-json\/wp\/v2\/media\/16697"}],"wp:attachment":[{"href":"https:\/\/www.danea.it\/blog\/wp-json\/wp\/v2\/media?parent=16694"}],"wp:term":[{"taxonomy":"category","embeddable":true,"href":"https:\/\/www.danea.it\/blog\/wp-json\/wp\/v2\/categories?post=16694"},{"taxonomy":"post_tag","embeddable":true,"href":"https:\/\/www.danea.it\/blog\/wp-json\/wp\/v2\/tags?post=16694"}],"curies":[{"name":"wp","href":"https:\/\/api.w.org\/{rel}","templated":true}]}}