{"id":17253,"date":"2018-12-18T06:37:32","date_gmt":"2018-12-18T05:37:32","guid":{"rendered":"https:\/\/www.danea.it\/blog\/?p=17253"},"modified":"2022-04-28T12:53:26","modified_gmt":"2022-04-28T10:53:26","slug":"regime-forfettario-2019-accesso","status":"publish","type":"post","link":"https:\/\/www.danea.it\/blog\/regime-forfettario-2019-accesso\/","title":{"rendered":"Regime forfettario 2019: si avvicina il momento della scelta"},"content":{"rendered":"<p><strong>Se verranno approvate le novit\u00e0 previste dalla legge di Bilancio 2019<\/strong>, dal 1\u00b0 gennaio il limite massimo dei ricavi per poter <a href=\"https:\/\/www.danea.it\/blog\/regime-forfettario-requisiti\/\">accedere al regime forfettario<\/a> si innalzer\u00e0 a euro 65.000. Si avvicina, quindi, il momento per le partite IVA di effettuare una scelta e decidere se accedere al regime che consente l\u2019applicazione dell\u2019imposta flat al 15%.<\/p>\n<p><strong>Le partite IVA non sono per\u00f2 gli unici soggetti che si trovano al bivio<\/strong>: stando cos\u00ec le cose, nella stessa condizione si troveranno anche i soci di societ\u00e0 di persone (Sas &#8211; Snc) e societ\u00e0 di capitali (Srl &#8211; Spa), i quali dovranno capire se approfittare della nuova tassazione, abbandonando per\u00f2 le loro quote minoritarie o addirittura decidendo di lavorare individualmente.<\/p>\n<p>Le <strong>quote societarie<\/strong>, infatti, nel 2018 non precludevano l\u2019accesso al regime forfettario ma, in caso di approvazione delle modifiche, saranno un <strong>ostacolo per l\u2019accesso nel 2019<\/strong>: nell\u2019ultimo periodo, secondo gli operatori di settore si sono verificati casi di cessione, in via preventiva, di quote di Srl non in regime di trasparenza da parte di titolari di partite IVA.<\/p>\n<a class=\"cta-container\" data-click-cta=\"fic-01\" href=\"https:\/\/www.fattureincloud.it\/land\/fattura-elettronica-forfettario\/?utm_source=danea&utm_medium=banner&utm_campaign=danea-landing-to-FIC\" target=\"_blank\"><div style=\"background-color: #0094d4; color: #fff; margin: 1em 0;\">\r\n  <div class=\"row\" style=\"padding: 1em;\">\r\n    <div class=\"col-md-6\">\r\n      <img decoding=\"async\" class=\"img-fluid\" src=\"\/blog\/wp-content\/uploads\/img-banner-blog-forfettari-fatture-in-cloud.png\" alt=\"Fatture in Cloud - software fatturazione elettronica\" style=\"padding-top: 1em\">\r\n    <\/div>\r\n    <div class=\"col-md-6\" style=\"padding-right: 0.8em; padding-left: 0.5em;\">\r\n      <img decoding=\"async\" class=\"img-fluid\" width=\"140\" src=\"\/blog\/wp-content\/uploads\/logo-fatture-in-cloud-2024-bianco.png\" alt=\"fatture in cloud\"  style=\"margin-top: 5px\">\r\n      <p style=\"line-height:2px\"><\/p>\r\n      <p><span style=\"font-size: 18px\">\r\n        Hey, forfettario! Semplificati la vita.<\/span>\r\n      <br>\r\n       <span style=\"font-size: 18px\"><strong>\r\n      Fatture in Cloud \u00e8 in offerta a soli 4\u20ac\/mese!<\/span>\r\n      <\/p>\r\n      <div>\r\n        <span class=\"btn btn-banner-green\">\r\n           SCOPRI SUBITO L'OFFERTA <i class=\"fa-solid fa-arrow-right\"><\/i>\r\n        <\/span>\r\n      <\/div>\r\n    <\/div>\r\n  <\/div>\r\n<\/div>\r\n<\/a>\n<p>A fronte del rischio che la flat tax si traduca quindi in <strong>un freno alla crescita dimensionale di Start Up e microimprese<\/strong>, inducendo i soggetti coinvolti ad abbandonare le loro quote, si pensa a dei correttivi alla norma, la cui introduzione \u00e8 per\u00f2 subordinata alla effettiva approvazione della legge di Bilancio.<\/p>\n<p>Partendo dall\u2019assunto che i regimi forfettari <a href=\"\/blog\/fattura-elettronica-regime-forfettario-dei-minimi\/\">non saranno sottoposti all\u2019obbligo di fatturazione elettronica<\/a>, \u00e8 utile ricordare che la valutazione di fattibilit\u00e0 e convenienza del regime \u00e8 diversa per:<\/p>\n<ul>\n<li>chi opera gi\u00e0 con una partita IVA, ma non ha ancora aderito al regime;<\/li>\n<li>chi avvier\u00e0 partita IVA nel 2019, con le nuove regole.<\/li>\n<\/ul>\n<p>I dati mostrano come<strong> l\u2019appeal del regime agevolato sia maggiore per le nuove partite IVA.<\/strong> Basti pensare che nei primi 9 mesi del 2018 il 39,7% delle nuove partite IVA \u00e8 stato aperto scegliendo da subito la strada del regime forfettario.<\/p>\n<p>Nel 2019, se le nuove regole verranno confermate, godr\u00e0 anche di maggiore attrattiva, poich\u00e9:<\/p>\n<ul>\n<li>non ci si dovr\u00e0 preoccupare del limite di euro 5.000 per il compenso ai collaboratori;<\/li>\n<li>non sar\u00e0 pi\u00f9 vincolante il limite di investimento in beni strumentali di euro 20.000.<\/li>\n<\/ul>\n<p>Se verr\u00e0 confermata l\u2019impostazione proposta, <strong>i vincoli fondamentali resteranno quello del tetto di euro 65.000<\/strong> per i compensi sottoposti a flat tax e della non predominanza, qualora il soggetto che vuole accedere al regime abbia o abbia avuto nei 2 anni precedenti un datore di lavoro, dei <strong>ricavi ottenuti dal datore di lavoro<\/strong>. Nella verifica, verranno coinvolte anche le realt\u00e0 indirettamente riconducibili al datore di lavoro; si pensi ad esempio alle societ\u00e0 \u00a0controllate.<\/p>\n<p><strong>Anche chi gi\u00e0 opera con partita IVA potrebbe essere attratto dal regime forfettario 2019<\/strong>, soprattutto a fronte dell\u2019innalzamento del limite dei ricavi e dalla semplificazione dei requisiti d\u2019accesso; si pensi ad esempio al 18,7% di avvocati o al 23,7% di commercialisti che dichiarano compensi compresi fra i 30.000 e i 65.000 euro annui.<\/p>\n<div class=\"post-tags2\"><a href=\"https:\/\/www.danea.it\/blog\/tag\/easyfatt\/\"> Consigliati per Easyfatt<\/a><\/div>\n","protected":false},"excerpt":{"rendered":"<p>Si avvicina il momento per le partite IVA e per i soggetti in possesso di quote societarie di scegliere se aderire o meno al regime forfettario 2019. Cosa accadr\u00e0 se verranno confermate le novit\u00e0 previste dalla legge di Bilancio 2019<\/p>\n<div style=\"margin-bottom:35px\"><\/div>\n","protected":false},"author":51,"featured_media":17254,"comment_status":"open","ping_status":"open","sticky":false,"template":"","format":"standard","meta":{"yasr_overall_rating":0,"yasr_post_is_review":"","yasr_auto_insert_disabled":"","yasr_review_type":"","footnotes":""},"categories":[82,84],"tags":[4],"class_list":["post-17253","post","type-post","status-publish","format-standard","has-post-thumbnail","hentry","category-forfettari","category-mettersi-in-proprio","tag-easyfatt"],"yasr_visitor_votes":{"stars_attributes":{"read_only":false,"span_bottom":false},"number_of_votes":6,"sum_votes":22},"wps_subtitle":"Le partite Iva, con ricavi compresi tra i 30 e i 65 mila euro annui, a breve dovranno decidere se aderire o meno al regime forfettario","_links":{"self":[{"href":"https:\/\/www.danea.it\/blog\/wp-json\/wp\/v2\/posts\/17253","targetHints":{"allow":["GET"]}}],"collection":[{"href":"https:\/\/www.danea.it\/blog\/wp-json\/wp\/v2\/posts"}],"about":[{"href":"https:\/\/www.danea.it\/blog\/wp-json\/wp\/v2\/types\/post"}],"author":[{"embeddable":true,"href":"https:\/\/www.danea.it\/blog\/wp-json\/wp\/v2\/users\/51"}],"replies":[{"embeddable":true,"href":"https:\/\/www.danea.it\/blog\/wp-json\/wp\/v2\/comments?post=17253"}],"version-history":[{"count":10,"href":"https:\/\/www.danea.it\/blog\/wp-json\/wp\/v2\/posts\/17253\/revisions"}],"predecessor-version":[{"id":21974,"href":"https:\/\/www.danea.it\/blog\/wp-json\/wp\/v2\/posts\/17253\/revisions\/21974"}],"wp:featuredmedia":[{"embeddable":true,"href":"https:\/\/www.danea.it\/blog\/wp-json\/wp\/v2\/media\/17254"}],"wp:attachment":[{"href":"https:\/\/www.danea.it\/blog\/wp-json\/wp\/v2\/media?parent=17253"}],"wp:term":[{"taxonomy":"category","embeddable":true,"href":"https:\/\/www.danea.it\/blog\/wp-json\/wp\/v2\/categories?post=17253"},{"taxonomy":"post_tag","embeddable":true,"href":"https:\/\/www.danea.it\/blog\/wp-json\/wp\/v2\/tags?post=17253"}],"curies":[{"name":"wp","href":"https:\/\/api.w.org\/{rel}","templated":true}]}}