{"id":17425,"date":"2019-03-14T06:07:08","date_gmt":"2019-03-14T05:07:08","guid":{"rendered":"https:\/\/www.danea.it\/blog\/?p=17425"},"modified":"2022-04-28T14:38:16","modified_gmt":"2022-04-28T12:38:16","slug":"nuova-sabatini-2019-rifinanziamento","status":"publish","type":"post","link":"https:\/\/www.danea.it\/blog\/nuova-sabatini-2019-rifinanziamento\/","title":{"rendered":"Nuova Sabatini 2019: il rifinanziamento e le novit\u00e0 previste"},"content":{"rendered":"<blockquote><p>Leggi le novit\u00e0 sul <a href=\"\/blog\/nuova-sabatini-beni-strumentali\/\">rifinanziamento Sabatini qui &gt;<\/a><\/p><\/blockquote>\n<p>Tra le misure previste in materia di agevolazioni alle imprese l\u2019art. 1, co. 200 L.145\/2018, <strong>Legge di Bilancio 2019 ha disposto il rifinanziamento della \u201cLegge Sabatini\u201d<\/strong> di cui all\u2019art. 2 del D.L. 69\/2013 che prevede l\u2019erogazione di un <strong>contributo in conto esercizio, a parziale copertura degli interessi relativi al finanziamento stipulato per l\u2019acquisto (o acquisizione in leasing) di beni strumentali nuovi da parte delle PMI.<\/strong><\/p>\n<p>In particolare \u00e8 stato disposto il rifinanziamento della misura agevolativa per periodo 2019-2024 con i seguenti importi:<\/p>\n<ul>\n<li>48 milioni di euro per il 2019;<\/li>\n<li>96 milioni di euro per ciascuno degli anni dal 2020 al 2023;<\/li>\n<li>48 milioni di euro per il 2024.<\/li>\n<\/ul>\n<p><strong>ll finanziamento<\/strong>, che pu\u00f2 essere assistito dalla garanzia del \u201c<em>Fondo di garanzia per le piccole e medie imprese<\/em>\u201d fino all\u201980% dell\u2019ammontare del finanziamento stesso, <strong>deve essere:<\/strong><\/p>\n<ul>\n<li>di durata non superiore a 5 anni;<\/li>\n<li>di importo compreso tra 20.000 euro e 2 milioni di euro;<\/li>\n<li>interamente utilizzato per coprire gli investimenti ammissibili.<\/li>\n<\/ul>\n<p><strong>Il contributo del Ministero dello sviluppo economico<\/strong> \u00e8 un contributo il cui ammontare \u00e8 determinato in misura pari al valore degli interessi calcolati, in via convenzionale, su un finanziamento della durata di cinque anni e di importo uguale all\u2019investimento, ad un tasso d\u2019interesse annuo pari al:<\/p>\n<ul>\n<li>2,75%\u00a0per gli investimenti ordinari;<\/li>\n<li>3,575%\u00a0per gli investimenti in tecnologie digitali e in sistemi di tracciamento e pesatura dei rifiuti (investimenti in tecnologie cd. \u201cindustria 4.0\u201d).<\/li>\n<\/ul>\n<a class=\"cta-container\" data-click-cta=\"ef-01\" href=\"\/software\/easyfatt\/cloud\/\"><div style=\"background-color:#3bb1cd; color: #fff; margin: 1em 0;\">\r\n  <div class=\"row\" style=\"padding: 1em;\">\r\n    <div class=\"col-md-5\">\r\n<img decoding=\"async\" class=\"img-fluid\" src=\"\/blog\/wp-content\/uploads\/img-banner-blog-EF-v2.png\" alt=\"Easyfatt Cloud - gestionale cloud\">\r\n    <\/div>\r\n    <div class=\"col-md-7\">\r\n     <img decoding=\"async\" class=\"img-fluid\" width=\"200\" src=\"\/blog\/wp-content\/uploads\/Logo-EF-Cloud-1.png\" alt=\"easyfatt cloud\" style=\"margin-top: 5px; margin-bottom: 5px\">\r\n      <br>\r\n      <p><span style=\"font-size: 17px\">La semplicit\u00e0 di Easyfatt, con la libert\u00e0 del Cloud. Gestisci fatture, magazzino, acquisti e pagamenti ovunque ti trovi.<\/span>\r\n      <\/p>\r\n      <div>\r\n        <span class=\"btn btn-banner-green\">\r\n          SCOPRI EASYFATT CLOUD <i class=\"fa-solid fa-arrow-right\"><\/i>\r\n        <\/span>\r\n      <\/div>\r\n    <\/div>\r\n  <\/div>\r\n<\/div>\r\n<\/a>\n<p>Sulle somme autorizzate \u00e8 mantenuta la<strong> riserva pari al 30% delle risorse<\/strong> e la maggiorazione del contributo statale (pari al 30%) per gli investimenti in beni strumentali, cosiddetto \u201cIndustria 4.0\u201d.<\/p>\n<p>A fronte delle modifiche legislative il Mise \u00e8 intervenuto con <strong>due<\/strong> appositi decreti, con i quali sono state <strong>definite le situazioni<\/strong> pendenti alla data di esaurimento dei fondi del mese di dicembre 2018 e le <strong>modalit\u00e0 ed i termini di presentazione delle nuove domande.<\/strong><\/p>\n<p>In particolare il decreto del Mise n. 1137 del 28.01.2019 dispone, a fronte del nuovo stanziamento di risorse finanziarie, <strong>l\u2019accoglimento delle prenotazioni pervenute nel mese di dicembre 2018<\/strong> e non soddisfatte, o soddisfatte in misura parziale per <strong>insufficienza delle risorse disponibili<\/strong>, nel rispetto dell\u2019ordine cronologico di presentazione delle stesse.<\/p>\n<p>Le domande di agevolazione presentate dalle imprese alle banche o agli intermediari finanziari in<strong> data antecedente al 4 dicembre 2018,<\/strong> data di chiusura dello sportello disposta dal decreto direttoriale del 3 dicembre 2018 e non incluse in una richiesta di prenotazione delle risorse inviata dalle medesime banche o dagli intermediari finanziari al Ministero dello sviluppo economico, <strong>possono essere oggetto di apposite richieste di prenotazione<\/strong> da trasmettere al Ministero dello sviluppo economico, con le ordinarie modalit\u00e0, a partire dal 1\u00b0 febbraio 2019.<\/p>\n<p><strong>Il successivo decreto, n. 1338 del 28.01.2019 ha disposto<\/strong>:<\/p>\n<ul>\n<li>la riapertura dello sportello per la presentazione delle\u00a0domande di accesso ai contributi a partire dal 7 febbraio 2019, grazie allo stanziamento di nuove risorse finanziarie pari a 480 milioni di euro (introdotto dall\u2019art. 1, co. 200 , della Legge 145\/2018);<\/li>\n<li>la possibilit\u00e0, a partire dal mese di marzo 2019 che le domande \u00a0possano essere oggetto di richieste di prenotazione dalle banche o dagli intermediari finanziari.<\/li>\n<\/ul>\n<p>Infine viene disposto che<strong> le domande di agevolazione<\/strong> delle imprese presentate alle banche o agli intermediari finanziari a partire<strong> dal 4 dicembre 2018<\/strong>, data di chiusura dello sportello disposta dal decreto direttoriale 3 dicembre 2018, e <strong>sino al 6 febbraio 2019,<\/strong> giorno antecedente la data di riapertura dello sportello <strong>sono considerate irricevibili<\/strong>.<\/p>\n<div class=\"post-tags2\"><a href=\"https:\/\/www.danea.it\/blog\/tag\/easyfatt\/\"> Consigliati per Easyfatt<\/a><\/div>\n","protected":false},"excerpt":{"rendered":"<p>Tra le agevolazioni alle imprese introdotte dalla Legge di Bilancio 2019 vi \u00e8 anche il rifinanziamento della Legge Sabatini. Vediamo le novit\u00e0 introdotte, chi pu\u00f2 accedervi e in che modalit\u00e0.<\/p>\n<div style=\"margin-bottom:35px\"><\/div>\n","protected":false},"author":36,"featured_media":17426,"comment_status":"open","ping_status":"open","sticky":false,"template":"","format":"standard","meta":{"yasr_overall_rating":0,"yasr_post_is_review":"","yasr_auto_insert_disabled":"","yasr_review_type":"","footnotes":""},"categories":[65],"tags":[4],"class_list":["post-17425","post","type-post","status-publish","format-standard","has-post-thumbnail","hentry","category-agevolazioni-fiscali","tag-easyfatt"],"yasr_visitor_votes":{"stars_attributes":{"read_only":false,"span_bottom":false},"number_of_votes":5,"sum_votes":24},"wps_subtitle":"Chi pu\u00f2 accedere alle agevolazioni previste dalla nuova Sabatini 2019 (beni strumentali) e in che termini","_links":{"self":[{"href":"https:\/\/www.danea.it\/blog\/wp-json\/wp\/v2\/posts\/17425","targetHints":{"allow":["GET"]}}],"collection":[{"href":"https:\/\/www.danea.it\/blog\/wp-json\/wp\/v2\/posts"}],"about":[{"href":"https:\/\/www.danea.it\/blog\/wp-json\/wp\/v2\/types\/post"}],"author":[{"embeddable":true,"href":"https:\/\/www.danea.it\/blog\/wp-json\/wp\/v2\/users\/36"}],"replies":[{"embeddable":true,"href":"https:\/\/www.danea.it\/blog\/wp-json\/wp\/v2\/comments?post=17425"}],"version-history":[{"count":5,"href":"https:\/\/www.danea.it\/blog\/wp-json\/wp\/v2\/posts\/17425\/revisions"}],"predecessor-version":[{"id":24228,"href":"https:\/\/www.danea.it\/blog\/wp-json\/wp\/v2\/posts\/17425\/revisions\/24228"}],"wp:featuredmedia":[{"embeddable":true,"href":"https:\/\/www.danea.it\/blog\/wp-json\/wp\/v2\/media\/17426"}],"wp:attachment":[{"href":"https:\/\/www.danea.it\/blog\/wp-json\/wp\/v2\/media?parent=17425"}],"wp:term":[{"taxonomy":"category","embeddable":true,"href":"https:\/\/www.danea.it\/blog\/wp-json\/wp\/v2\/categories?post=17425"},{"taxonomy":"post_tag","embeddable":true,"href":"https:\/\/www.danea.it\/blog\/wp-json\/wp\/v2\/tags?post=17425"}],"curies":[{"name":"wp","href":"https:\/\/api.w.org\/{rel}","templated":true}]}}