{"id":20081,"date":"2022-01-25T04:00:48","date_gmt":"2022-01-25T03:00:48","guid":{"rendered":"https:\/\/www.danea.it\/blog\/?p=20081"},"modified":"2023-05-15T09:22:15","modified_gmt":"2023-05-15T07:22:15","slug":"gestione-dipendenti-ricerca","status":"publish","type":"post","link":"https:\/\/www.danea.it\/blog\/gestione-dipendenti-ricerca\/","title":{"rendered":"Gestione dipendenti: 3500 imprenditori confidano le loro difficolt\u00e0"},"content":{"rendered":"<p><span style=\"font-weight: 400;\">E tu, quali strumenti utilizzi per gestire le pratiche dei tuoi dipendenti, come i fogli presenze e i piani ferie? Sei contento della tua scelta, oppure c\u2019\u00e8 qualcosa che proprio non ti soddisfa?<\/span><\/p>\n<p><span style=\"font-weight: 400;\">Con queste prime domande Dipendenti in Cloud si \u00e8 rivolta a pi\u00f9 di 3500 imprenditori italiani nella sua <\/span><a href=\"https:\/\/www.dipendentincloud.it\/land\/gestione-dipendenti-nelle-pmi-b\/?download_dic=ricerca-pmi?utm_source=link-testuale&amp;utm_medium=danea-blog-articoli-hr&amp;utm_campaign=survey-gestione-dipendenti\" target=\"_blank\" rel=\"noopener noreferrer\"><span style=\"font-weight: 400;\">ricerca sulla gestione dei dipendenti nelle PMI<\/span><\/a><span style=\"font-weight: 400;\">.<\/span><span style=\"font-weight: 400;\"><br \/>\n<\/span><\/p>\n<p><span style=\"font-weight: 400;\">L\u2019esito \u00e8 stato sorprendente: nonostante l\u2019avanzamento tecnologico di molte aziende, <\/span><b>pi\u00f9 della met\u00e0 degli intervistati si dichiara insoddisfatta degli strumenti che utilizza<\/b><span style=\"font-weight: 400;\"> per gestire i propri dipendenti. Come mai questa frustrazione? Come potrebbe essere risolta?\u00a0<\/span><\/p>\n<p><span style=\"font-weight: 400;\">La ricerca fa luce su questi punti; include anche un approfondimento sullo smart working, in cui indaga gli effetti del lavoro a distanza sulla gestione dei dipendenti.\u00a0<\/span><\/p>\n<h3><span style=\"font-weight: 400;\">Emergenza Covid-19: come le aziende gestiscono il lavoro a distanza\u00a0<\/span><\/h3>\n<a class=\"cta-container\" data-click-cta=\"dic-01\" href=\"https:\/\/www.dipendentincloud.it\/?utm_source=danea&utm_medium=banner&utm_campaign=danea-blog-articoli-hr\"><div style=\"background-color: #0052cc; color: #fff; margin: 1em 0;\">\r\n  <div class=\"row\" style=\"padding: 1em;\">\r\n    <div class=\"col-md-6\">\r\n      <img decoding=\"async\" class=\"img-fluid\" src=\"\/blog\/wp-content\/uploads\/img-banner-blog-dic.png\" alt=\"Dipendenti in cloud software gestione dipendenti\" style=\"padding-top: 1em\">\r\n    <\/div>\r\n    <div class=\"col-md-6\" style=\"padding-right: 0.8em; padding-left: 0.5em;\">\r\n      <img decoding=\"async\" class=\"img-fluid\" width=\"150\" src=\"\/blog\/wp-content\/uploads\/logo-dic-orizzontale-2024.png\" alt=\"Dipendenti in cloud software gestione dipendenti\" style=\"margin-top: 5px; margin-bottom:5px\">\r\n      <br>\r\n      <p><span style=\"font-size: 17px\">\r\n        Gestire i dipendenti \u00e8 facile, basta usare lo strumento giusto!<\/span>\r\n      <br>\r\n       <span style=\"font-size: 15px\">\r\n       Presenze, piani ferie, note spese... e molto altro!<\/span>\r\n      <\/p>\r\n      <div>\r\n        <span class=\"btn btn-banner-green\">\r\n          PROVALO GRATIS ORA <i class=\"fa-solid fa-arrow-right\"><\/i>\r\n        <\/span>\r\n      <\/div>\r\n    <\/div>\r\n  <\/div>\r\n<\/div>\r\n<\/a>\n<p><span style=\"font-weight: 400;\">La ricerca inizia con il focus sull\u2019emergenza Covid-19, che ha accelerato notevolmente la <strong>diffusione dello smart working e del remote working<\/strong>.<\/span><\/p>\n<p><span style=\"font-weight: 400;\">Il lavoro a distanza, pi\u00f9 o meno imposto, ha <strong>accentuato<\/strong>\u00a0<\/span><b>le difficolt\u00e0 <\/b><span style=\"font-weight: 400;\">che le<\/span><b> PMI italiane<\/b><span style=\"font-weight: 400;\"> avevano gi\u00e0 prima della pandemia, anche nella gestione dei propri dipendenti. Compilare i fogli presenze cartacei era impossibile, cos\u00ec come consegnare le buste paga a mano.\u00a0 <\/span><\/p>\n<p><span style=\"font-weight: 400;\">I <\/span><b>clienti di Dipendenti in Cloud <\/b><span style=\"font-weight: 400;\">invece hanno trovato <\/span><b>prezioso l\u2019aiuto di un software di gestione del personale<\/b><span style=\"font-weight: 400;\"> per affrontare le nuove condizioni di lavoro<\/span><span style=\"font-weight: 400;\">.\u00a0<\/span><\/p>\n<p><span style=\"font-weight: 400;\">Nella <\/span><a href=\"https:\/\/www.dipendentincloud.it\/land\/gestione-dipendenti-nelle-pmi-b\/?download_dic=ricerca-pmi&amp;utm_source=link-testuale&amp;utm_medium=danea-blog-articoli-hr&amp;utm_campaign=survey-gestione-dipendenti\" target=\"_blank\" rel=\"noopener\"><span style=\"font-weight: 400;\">ricerca<\/span><\/a><span style=\"font-weight: 400;\"> trovi illustrati altri dati sulla gestione dei dipendenti e del lavoro a distanza.\u00a0<\/span><\/p>\n<h3><span style=\"font-weight: 400;\">La gestione dei dipendenti tra confusione, errori e insoddisfazione<\/span><\/h3>\n<p><span style=\"font-weight: 400;\">A questo punto, la ricerca giunge al <\/span><b>cuore del problema<\/b><span style=\"font-weight: 400;\">: gli imprenditori italiani utilizzano <\/span><b>strumenti inadatti alla gestione dei dipendenti<\/b><span style=\"font-weight: 400;\"> o perch\u00e9 obsoleti (come carta e penna), oppure inadatti allo scopo (come Excel).<\/span><\/p>\n<p><span style=\"font-weight: 400;\">I risultati sono inevitabili<\/span><b>:<\/b><span style=\"font-weight: 400;\"> i dati contengono spesso degli <\/span><b>errori<\/b><span style=\"font-weight: 400;\"> e la gestione farraginosa tra fogli sono sparsi per l\u2019ufficio e mail introvabili. Da qui deriva un senso generalizzato di <\/span><b>frustrazione<\/b><span style=\"font-weight: 400;\">, che permane da ormai troppo tempo: pi\u00f9 della met\u00e0 degli intervistati non \u00e8 soddisfatta degli strumenti che utilizza per gestire il personale.\u00a0\u00a0\u00a0<\/span><\/p>\n<p><b>Gli imprenditori desiderano sempre il meglio per la propria azienda<\/b><span style=\"font-weight: 400;\"> e cercano strumenti sempre pi\u00f9 performanti per ottimizzare tempi e risultati della produzione, ma non sembrano fare altrettanto per l\u2019attivit\u00e0 di gestione dei dipendenti.\u00a0<\/span><\/p>\n<p><span style=\"font-weight: 400;\">Perch\u00e9 sono cos\u00ec restii a modificare il proprio modo di gestire il personale? Pu\u00f2 darsi che siano rimasti bloccati nella \u201c<\/span><b>zona di comfort<\/b><span style=\"font-weight: 400;\">\u201d, ancorati al tanto celebre \u201cperch\u00e9 abbiamo sempre fatto cos\u00ec\u201d. Molte volte non riescono nemmeno a valutare il tempo prezioso speso in operazioni meccaniche e di routine, che invece potrebbero essere automatizzate.\u00a0<\/span><\/p>\n<p><b><i>Anche tu, come gli imprenditori intervistati, ti ritrovi a vivere con un perenne senso di insoddisfazione per come gestisci i tuoi dipendenti?<\/i><\/b><span style=\"font-weight: 400;\">\u00a0<\/span><span style=\"font-weight: 400;\">Attenzione a non cadere nella trappola della \u201c<\/span><b>finta sicurezza<\/b><span style=\"font-weight: 400;\">\u201d: tante volte commettiamo errori e azioni ripetitive senza nemmeno rendercene conto!<\/span><\/p>\n<p><a href=\"https:\/\/www.dipendentincloud.it\/land\/gestione-dipendenti-nelle-pmi-b\/?download_dic=ricerca-pmi?utm_source=link-testuale&amp;utm_medium=danea-blog-articoli-hr&amp;utm_campaign=survey-gestione-dipendenti\" target=\"_blank\" rel=\"noopener\"><span style=\"font-weight: 400;\">Scarica la ricerca di Dipendenti in Cloud<\/span><\/a><span style=\"font-weight: 400;\"> e scopri come superare le difficolt\u00e0 pi\u00f9 comuni tra gli imprenditori italiani in merito alla gestione dei dipendenti: troverai sicuramente molti spunti utili per risolvere anche i tuoi problemi.<\/span><\/p>\n<div class=\"post-tags2\"><a href=\"https:\/\/www.danea.it\/blog\/tag\/domustudio\/\"> Consigliati per Domustudio<\/a><a href=\"https:\/\/www.danea.it\/blog\/tag\/easyfatt\/\"> Consigliati per Easyfatt<\/a><\/div>\n","protected":false},"excerpt":{"rendered":"<p>Dipendenti in Cloud ha intervistato oltre 3500 imprenditori italiani, per capire come gestiscono i dipendenti tra i problemi di ogni giorno e lo smart working: ecco cosa \u00e8 emerso.<\/p>\n<div style=\"margin-bottom:35px\"><\/div>\n","protected":false},"author":56,"featured_media":20084,"comment_status":"open","ping_status":"open","sticky":false,"template":"","format":"standard","meta":{"yasr_overall_rating":0,"yasr_post_is_review":"","yasr_auto_insert_disabled":"","yasr_review_type":"","footnotes":""},"categories":[139],"tags":[3,4],"class_list":["post-20081","post","type-post","status-publish","format-standard","has-post-thumbnail","hentry","category-gestione-dipendenti","tag-domustudio","tag-easyfatt"],"yasr_visitor_votes":{"stars_attributes":{"read_only":false,"span_bottom":false},"number_of_votes":1,"sum_votes":5},"wps_subtitle":"Dipendenti in Cloud ha intervistato oltre 3500 imprenditori italiani, per capire come gestiscono i dipendenti tra i problemi di ogni giorno e lo smart working: ecco cosa \u00e8 emerso.","_links":{"self":[{"href":"https:\/\/www.danea.it\/blog\/wp-json\/wp\/v2\/posts\/20081","targetHints":{"allow":["GET"]}}],"collection":[{"href":"https:\/\/www.danea.it\/blog\/wp-json\/wp\/v2\/posts"}],"about":[{"href":"https:\/\/www.danea.it\/blog\/wp-json\/wp\/v2\/types\/post"}],"author":[{"embeddable":true,"href":"https:\/\/www.danea.it\/blog\/wp-json\/wp\/v2\/users\/56"}],"replies":[{"embeddable":true,"href":"https:\/\/www.danea.it\/blog\/wp-json\/wp\/v2\/comments?post=20081"}],"version-history":[{"count":12,"href":"https:\/\/www.danea.it\/blog\/wp-json\/wp\/v2\/posts\/20081\/revisions"}],"predecessor-version":[{"id":26645,"href":"https:\/\/www.danea.it\/blog\/wp-json\/wp\/v2\/posts\/20081\/revisions\/26645"}],"wp:featuredmedia":[{"embeddable":true,"href":"https:\/\/www.danea.it\/blog\/wp-json\/wp\/v2\/media\/20084"}],"wp:attachment":[{"href":"https:\/\/www.danea.it\/blog\/wp-json\/wp\/v2\/media?parent=20081"}],"wp:term":[{"taxonomy":"category","embeddable":true,"href":"https:\/\/www.danea.it\/blog\/wp-json\/wp\/v2\/categories?post=20081"},{"taxonomy":"post_tag","embeddable":true,"href":"https:\/\/www.danea.it\/blog\/wp-json\/wp\/v2\/tags?post=20081"}],"curies":[{"name":"wp","href":"https:\/\/api.w.org\/{rel}","templated":true}]}}