{"id":26819,"date":"2023-07-10T04:00:56","date_gmt":"2023-07-10T02:00:56","guid":{"rendered":"https:\/\/www.danea.it\/blog\/?p=26819"},"modified":"2023-12-21T10:51:43","modified_gmt":"2023-12-21T09:51:43","slug":"partite-iva-italia-ricerca-fatture-in-cloud","status":"publish","type":"post","link":"https:\/\/www.danea.it\/blog\/partite-iva-italia-ricerca-fatture-in-cloud\/","title":{"rendered":"Le Partite IVA in Italia: la nuova ricerca di Fatture in Cloud"},"content":{"rendered":"<p>Il numero delle Partite IVA in Italia si attesta sopra la media europea, con un tasso del 21,8% rispetto ad una media complessiva del 14,5%*.<\/p>\n<p>La presenza di un cos\u00ec elevato numero indica una <strong>notevole propensione all&#8217;imprenditorialit\u00e0 e alla libera professione<\/strong>, un fenomeno che pu\u00f2 essere attribuito a vari fattori.<\/p>\n<p>\u00c8 interessante capire come i lavoratori autonomi italiani vivono la loro condizione, e come affrontano le sfide che la loro attivit\u00e0 li porta ad affrontare.<\/p>\n<p><strong>Fatture in Cloud<\/strong>, soluzione del gruppo TeamSystem, ha voluto sondare come questi vivono la loro professionalit\u00e0, mettendo in campo un <strong>sondaggio effettuato su oltre 500.000 clienti<\/strong>.<\/p>\n<p>La ricerca si \u00e8 concentrata sulle <strong>motivazioni<\/strong> che spingono i lavoratori autonomi ad aprire una Partita IVA, le <strong>sfide<\/strong> che affrontano lungo il percorso, le <strong>percezioni<\/strong> in merito al divario retributivo di genere e alle figure professionali legate alla gestione della loro attivit\u00e0, come commercialisti e revisori contabili.<\/p>\n<p>Lo studio, inoltre, include un <strong>focus sui pi\u00f9 giovani<\/strong>, i nuovi iniziati nel mondo dell\u2019imprenditorialit\u00e0 e che rappresentano il futuro del mondo della libera professione.<\/p>\n\n<h3>I risultati della ricerca in un\u2019infografica<\/h3>\n<p>I risultati dello studio consentono di cogliere <strong>le sfumature e le dinamiche<\/strong> che influenzano la vita e la professionalit\u00e0 delle Partite IVA italiane.<\/p>\n<p>Emergono <strong>preoccupazioni<\/strong> legate alla stabilit\u00e0 economica, alle questioni fiscali e normative, nonch\u00e9 all&#8217;equilibrio tra vita professionale e personale, ma non mancano segnali di <strong>speranza<\/strong>, soprattutto tra le nuove generazioni, che dimostrano una forte determinazione nell&#8217;affrontare le sfide e realizzare i propri obiettivi.<\/p>\n<blockquote><p>Gli esiti della ricerca sono raccolti in una pratica infografica.<br \/>\n<a href=\"https:\/\/www.fattureincloud.it\/risorse\/partite-iva-italia\/?utm_source=danea&amp;utm_medium=link-testuale&amp;utm_campaign=danea-blog-articoli&amp;utm_content=infografica-partite-iva\/#infografica\">Guarda l&#8217;infografica &gt;&gt;<\/a><\/p><\/blockquote>\n<p>Di seguito le principali evidenze emerse.<\/p>\n<h4>1. La scelta di aprire Partita IVA \u00e8 quasi sempre libera e spontanea.<\/h4>\n<p>La scelta di avviare una nuova attivit\u00e0 non sempre avviene in modo libero. Spesso, molte persone si trovano costrette ad <a href=\"https:\/\/www.fattureincloud.it\/guida-aprire-partita-iva\/come-fare\/?utm_source=danea&amp;utm_medium=link-testuale&amp;utm_campaign=danea-blog-articoli&amp;utm_content=infografica-partite-iva\">aprire Partita Iva<\/a> da condizioni di mercato ostiche o per la natura intrinseca della professione che svolgono.<br \/>\nTuttavia, non \u00e8 questo quello che caratterizza il tessuto sociale italiano, dove, fortunatamente, il 61,2% dei lavoratori autonomi ha scelto di aprire Partita IVA per scelta spontanea.<\/p>\n<p>Il sentimento generale nei confronti del lavoro autonomo \u00e8 positivo, tanto che un 72,9%, ritiene che il lavoro autonomo consenta di avere maggiori <strong>opportunit\u00e0 di crescita e realizzazione<\/strong>.<\/p>\n<h4>2. Le soluzioni di tutela statali generano scarsa fiducia.<\/h4>\n<p>I liberi professionisti e gli imprenditori italiani preferiscono <strong>tutelarsi in autonomia<\/strong>, sia in ambito sanitario che previdenziale e assistenziale. Oltre il 50% degli intervistati, infatti, ha attivato un fondo pensionistico e\/o un&#8217;assicurazione sanitaria privata.<\/p>\n<p>Anche <strong>le forme di tutela in caso di disoccupazione sono poco conosciute e sfruttate<\/strong>: solo un esiguo 18,2% dei partecipanti all&#8217;indagine dichiara di essere al corrente di tali misure, e solo il 6,3% tra questi ha richiesto un sussidio di disoccupazione almeno una volta.<\/p>\n<p>Si evidenzia quindi un diffuso <strong>scetticismo<\/strong> verso i meccanismi di sostegno governativi, un dato preoccupante in quanto lascia potenzialmente esposti a rischi e incertezze i lavoratori autonomi.<\/p>\n<h4>3. Il commercialista come figura centrale<\/h4>\n<p>Secondo l&#8217;indagine, il 65,2% dei partecipanti ritiene che sia <strong>impossibile avviare un&#8217;attivit\u00e0 senza il supporto di un commercialista<\/strong>, un Centro di Assistenza Fiscale (CAF) o un&#8217;associazione di categoria.<\/p>\n<p>Gli intervistati ritengono fondamentale la figura del <a href=\"https:\/\/www.fattureincloud.it\/guida-aprire-partita-iva\/commercialista\/?utm_source=danea&amp;utm_medium=link-testuale&amp;utm_campaign=danea-blog-articoli&amp;utm_content=infografica-partite-iva\">commercialista per aprire Partita Iva<\/a> e la ritengono centrale anche per accompagnare i liberi professionisti e gli imprenditori lungo tutto il percorso.<\/p>\n<p>Le Partite IVA italiane sono consapevoli che il quadro normativo, fiscale e amministrativo \u00e8 molto complesso, e far affidamento su un commercialista \u00e8 <strong>essenziale per affrontare le sfide burocratiche<\/strong> in modo efficiente e guadagnare tempo prezioso per concentrarsi sullo sviluppo del proprio business.<\/p>\n<a class=\"cta-container\" data-click-cta=\"fic-01\" href=\"https:\/\/www.fattureincloud.it\/land\/software-fatturazione-elettronica\/?coupon_DANEATOFIC_&utm_source=danea&utm_medium=banner&utm_campaign=danea-landing-to-FIC\" target=\"_blank\"><div style=\"background-color: #0094d4; color: #fff; margin: 1em 0;\">\r\n  <div class=\"row\" style=\"padding: 1em;\">\r\n    <div class=\"col-md-6\">\r\n      <img decoding=\"async\" class=\"img-fluid\" src=\"\/blog\/wp-content\/uploads\/img-banner-blog-eftofic.png\" alt=\"Fatture in Cloud - software fatturazione elettronica\" style=\"padding-top: 1em\">\r\n    <\/div>\r\n    <div class=\"col-md-6\" style=\"padding-right: 0.8em; padding-left: 0.5em;\">\r\n      <img decoding=\"async\" class=\"img-fluid\" width=\"140\" src=\"\/blog\/wp-content\/uploads\/logo-fatture-in-cloud-2024-bianco.png\" alt=\"fatture in cloud\"  style=\"margin-top: 5px\">\r\n      <p style=\"line-height:2px\"><\/p>\r\n      <p><span style=\"font-size: 18px\">\r\n        Hey, freelance!<\/span>\r\n      <br>\r\n       <span style=\"font-size: 16px\">\r\n      Vuoi gestire solo la fatturazione elettronica? <br>Scopri Fatture in Cloud!<\/span>\r\n      <\/p>\r\n      <div>\r\n        <span class=\"btn btn-banner-green\">\r\n           SCOPRI E PROVALO GRATIS <i class=\"fa-solid fa-arrow-right\"><\/i>\r\n        <\/span>\r\n      <\/div>\r\n    <\/div>\r\n  <\/div>\r\n<\/div>\r\n<\/a>\n<h4>4. Il divario retributivo di genere \u00e8 ben percepito, soprattutto tra le lavoratrici<\/h4>\n<p>La percezione di discriminazione in termini di guadagni sul lavoro \u00e8 differente tra uomini e donne. Infatti, se nei lavoratori maschi la percezione di disparit\u00e0 \u00e8 sentita solo per il 36,7% degli intervistati, la percentuale sale al 47,8% quando i soggetti sono le donne lavoratrici.<\/p>\n<p>Questo suggerisce l&#8217;esistenza di <strong>ostacoli e disuguaglianze di genere<\/strong> all&#8217;interno del contesto lavorativo autonomo, che possono influire negativamente sulle opportunit\u00e0 di guadagno e sulla progressione professionale, soprattutto delle donne.<\/p>\n<p>Ma l&#8217;obiettivo di un ambiente lavorativo equo e inclusivo dovrebbe andare anche <strong>oltre la parit\u00e0 salariale<\/strong>: si tratta di garantire pari opportunit\u00e0 di crescita, creare un clima di rispetto e collaborazione e promuovere politiche e pratiche che favoriscano la diversit\u00e0 e l&#8217;inclusione, obiettivi che, in Italia purtroppo sono ancora lontani dall\u2019essere raggiunti.<\/p>\n<h4>5. La scarsa familiarit\u00e0 con i mezzi di promozione online<\/h4>\n<p>Nonostante l&#8217;ampia disponibilit\u00e0 di mezzi pubblicitari digitali, il <strong>passaparola<\/strong> si conferma essere il metodo pi\u00f9 diffuso tra le Partite IVA italiane per l&#8217;acquisizione di nuovi clienti.<\/p>\n<p>I risultati della ricerca di Fatture in Cloud, mostrano come <strong>le connessioni personali e le raccomandazioni interpersonali<\/strong> continuino a svolgere un ruolo di rilievo nel determinare il successo o l&#8217;insuccesso di un\u2019attivit\u00e0.<\/p>\n<p>Le ragioni di questo <strong>scetticismo nei confronti degli strumenti digitali<\/strong> potrebbero essere diverse: dal carattere estremamente consolidato del passaparola all\u2019interno del Paese, ad una mancanza di familiarit\u00e0 con gli strumenti digitali, fino ad una effettiva sfiducia nei loro confronti.<\/p>\n<p>L&#8217;<strong>utilizzo strategico di mezzi pubblicitari digitali<\/strong>, tuttavia, potrebbe fungere da valido supporto per le Partite IVA italiane, aiutandole a raggiungere pubblici pi\u00f9 ampi e mirati e ampliando di conseguenza le opportunit\u00e0 di business.<\/p>\n<h4>6. Le nuove generazioni e la voglia di cambiamento.<\/h4>\n<p>Con l&#8217;avvento della Generazione Z, si sta assistendo a una <strong>trasformazione significativa nel mondo del lavoro<\/strong>. L&#8217;idea tradizionale di un posto fisso sta progressivamente cedendo il passo a nuove prospettive.<\/p>\n<p>I giovani di oggi aspirano ad aprirsi una Partita IVA per<strong> intraprendere una carriera autonoma<\/strong> principalmente per due motivi: diventare imprenditore oppure seguire una propria passione.<\/p>\n<p>Uno dei fattori di forte appeal per le giovani Partite IVA \u00e8 costituito dal fatto di poter scegliere con <strong>maggiore libert\u00e0 orari e luoghi lavorativi<\/strong>, un dato che dimostra una voglia di cambiamento e di andare contro agli schemi tradizionali che hanno caratterizzato sin d\u2019oggi il mondo del lavoro.<\/p>\n<blockquote><p>Scopri tutti i risultati della ricerca nell\u2019infografica<br \/>\n<a href=\"https:\/\/www.fattureincloud.it\/risorse\/partite-iva-italia\/?utm_source=danea&amp;utm_medium=link-testuale&amp;utm_campaign=danea-blog-articoli&amp;utm_content=infografica-partite-iva\/#infografica\">Guarda l&#8217;infografica &gt;&gt;<\/a><\/p><\/blockquote>\n<h3>La raccolta di contenuti dedicati alle nuove Partite IVA<\/h3>\n<p>Lo studio riportato si inserisce in un progetto pi\u00f9 ampio portato avanti da Fatture in Cloud, ovvero una <strong>raccolta di guide e contenuti gratuiti<\/strong> dedicati a tutti coloro che si stanno accingendo ad aprire la Partita IVA.<\/p>\n<p>Lo spazio ha l\u2019ambizione di divenire il <strong>punto di riferimento<\/strong> per tutti coloro che desiderano avviare una nuova attivit\u00e0 con la giusta serenit\u00e0 e consapevolezza, offrendo contenuti utili espressi in un <strong>linguaggio semplice e accessibile<\/strong>, cos\u00ec da consentire anche chi non ha esperienza nel settore di assimilare in modo efficace le nozioni fondamentali.<\/p>\n<p>All\u2019interno \u00e8 possibile trovare<strong> una serie di contenuti<\/strong>, tra cui:<\/p>\n<ul>\n<li>una serie di video con professionisti esperti in ambito burocratico e fiscale<\/li>\n<li>una pratica guida testuale scaricabile di oltre settanta pagine.<\/li>\n<\/ul>\n<blockquote><p>Scopri tutti i contenuti dedicati alle nuove Partite Iva<br \/>\n<a href=\"https:\/\/www.fattureincloud.it\/guida-aprire-partita-iva\/?utm_source=danea&amp;utm_medium=link-testuale&amp;utm_campaign=danea-blog-articoli&amp;utm_content=infografica-partite-iva\">Vai alla raccolta completa di contenuti &gt;&gt;<\/a><\/p><\/blockquote>\n<p style=\"text-align: right;\">*Fonte dati sul numero di Partite IVA in Italia: <a href=\"https:\/\/data.oecd.org\/emp\/self-employment-rate.htm#indicator-chart\" target=\"_blank\" rel=\"nofollow noopener noreferrer\">Oecd<\/a><\/p>\n<div class=\"post-tags2\"><a href=\"https:\/\/www.danea.it\/blog\/tag\/domustudio\/\"> Consigliati per Domustudio<\/a><a href=\"https:\/\/www.danea.it\/blog\/tag\/easyfatt\/\"> Consigliati per Easyfatt<\/a><\/div>\n","protected":false},"excerpt":{"rendered":"<p>Fatture in Cloud ha condotto un&#8217;indagine su oltre 500.000 clienti, che offre una panoramica sulle esperienze e prospettive delle Partite Iva italiane. Vediamo i risultati.<\/p>\n<div style=\"margin-bottom:35px\"><\/div>\n","protected":false},"author":31,"featured_media":26842,"comment_status":"closed","ping_status":"closed","sticky":false,"template":"","format":"standard","meta":{"yasr_overall_rating":0,"yasr_post_is_review":"","yasr_auto_insert_disabled":"","yasr_review_type":"","footnotes":""},"categories":[71,6,158],"tags":[3,4],"class_list":["post-26819","post","type-post","status-publish","format-standard","has-post-thumbnail","hentry","category-aprire-un-attivita","category-primo-piano","category-report-previsioni","tag-domustudio","tag-easyfatt"],"yasr_visitor_votes":{"stars_attributes":{"read_only":false,"span_bottom":false},"number_of_votes":3,"sum_votes":10},"wps_subtitle":"L'indagine condotta su oltre 500.000 clienti offre una panoramica sulle esperienze e prospettive dei lavoratori autonomi italiani. Ma i risultati si inseriscono in un progetto ancora pi\u00f9 ambizioso. ","_links":{"self":[{"href":"https:\/\/www.danea.it\/blog\/wp-json\/wp\/v2\/posts\/26819","targetHints":{"allow":["GET"]}}],"collection":[{"href":"https:\/\/www.danea.it\/blog\/wp-json\/wp\/v2\/posts"}],"about":[{"href":"https:\/\/www.danea.it\/blog\/wp-json\/wp\/v2\/types\/post"}],"author":[{"embeddable":true,"href":"https:\/\/www.danea.it\/blog\/wp-json\/wp\/v2\/users\/31"}],"replies":[{"embeddable":true,"href":"https:\/\/www.danea.it\/blog\/wp-json\/wp\/v2\/comments?post=26819"}],"version-history":[{"count":19,"href":"https:\/\/www.danea.it\/blog\/wp-json\/wp\/v2\/posts\/26819\/revisions"}],"predecessor-version":[{"id":27501,"href":"https:\/\/www.danea.it\/blog\/wp-json\/wp\/v2\/posts\/26819\/revisions\/27501"}],"wp:featuredmedia":[{"embeddable":true,"href":"https:\/\/www.danea.it\/blog\/wp-json\/wp\/v2\/media\/26842"}],"wp:attachment":[{"href":"https:\/\/www.danea.it\/blog\/wp-json\/wp\/v2\/media?parent=26819"}],"wp:term":[{"taxonomy":"category","embeddable":true,"href":"https:\/\/www.danea.it\/blog\/wp-json\/wp\/v2\/categories?post=26819"},{"taxonomy":"post_tag","embeddable":true,"href":"https:\/\/www.danea.it\/blog\/wp-json\/wp\/v2\/tags?post=26819"}],"curies":[{"name":"wp","href":"https:\/\/api.w.org\/{rel}","templated":true}]}}