{"id":29516,"date":"2025-06-30T04:00:18","date_gmt":"2025-06-30T02:00:18","guid":{"rendered":"https:\/\/www.danea.it\/blog\/?p=29516"},"modified":"2025-06-30T09:19:34","modified_gmt":"2025-06-30T07:19:34","slug":"domusweek-2025-speech-momenti-salienti","status":"publish","type":"post","link":"https:\/\/www.danea.it\/blog\/domusweek-2025-speech-momenti-salienti\/","title":{"rendered":"DomusWeek 2025: i momenti pi\u00f9 significativi"},"content":{"rendered":"<p>A pochi giorni dalla chiusura della DomusWeek ripercorriamo insieme il percorso tracciato dagli speaker e tiriamo le fila di un evento unico, che ha catturato l\u2019interesse di migliaia di amministratori professionisti italiani.<\/p>\n<p>Quattro giornate intense che hanno coinvolto<strong> quasi 3.000 amministratori<\/strong> \u00a0con un obiettivo chiaro: ispirare una gestione condominiale pi\u00f9 consapevole, efficiente e orientata al futuro.<\/p>\n<p>Approccio imprenditoriale, risparmio economico, sostenibilit\u00e0 ambientale, comunicazione efficace e innovazione tecnologica: sono solo alcuni dei <strong>temi affrontati<\/strong> con passione e competenza dai numerosi ospiti intervenuti.<\/p>\n<p>Vediamo insieme un sunto degli interventi delle giornate e i relativi video.<\/p>\n\n<h3>Prima giornata: pianificazione economica e risparmio<\/h3>\n<h4>A.Curreli &#8211; &#8220;Condominio in equilibrio: una gestione economica senza intoppi&#8221;<\/h4>\n<p>Antonello Curreli, CEO di Multidialogo, ha inaugurato la DomusWeek con un invito chiaro a cambiare prospettiva: smettere di inseguire le emergenze e imparare a organizzarsi.<\/p>\n<p>L\u2019intervento ha messo in luce l\u2019importanza di <strong>abbandonare le attivit\u00e0 ripetitive a basso valore aggiunto<\/strong> \u2013 come la stampa manuale delle comunicazioni \u2013 a favore di <strong>processi automatizzati <\/strong>che fanno risparmiare tempo, energia e risorse.<\/p>\n<a class=\"cta-container\" data-click-cta=\"ds-01\" href=\"\/software\/domustudio\/\" title=\"software condominio Domustudio\"><div style=\"background-color: #df4437; color: #fff; margin: 1em 0;\">\r\n  <div class=\"row\" style=\"padding: 1em;\">\r\n    <div class=\"col-md-6\">\r\n      <img decoding=\"async\" class=\"img-fluid\" src=\"\/blog\/wp-content\/uploads\/img-banner-blog-ds.png\" alt=\"Domustudio software gestione condominio\" style=\"padding-top: 1em\">\r\n    <\/div>\r\n    <div class=\"col-md-6\" style=\"padding-right: 0.8em; padding-left: 0.5em;\">\r\n      <img decoding=\"async\" class=\"img-fluid\" width=\"140\" src=\"\/blog\/wp-content\/uploads\/Logo-DS-White.png\" alt=\"software condominio Domustudio\"  style=\"margin-top: 5px\">\r\n      <br>\r\n<p><span style=\"font-size: 17px\">\r\n      Il software per la gestione del condominio online pi\u00f9 utilizzato dagli amministratori professionisti italiani.<\/span>\r\n      <\/p>\r\n      <div>\r\n        <span class=\"btn btn-banner-green\">\r\n          PROVALO GRATIS ORA <i class=\"fa-solid fa-arrow-right\"><\/i>\r\n        <\/span>\r\n      <\/div>\r\n    <\/div>\r\n  <\/div>\r\n<\/div>\r\n<\/a>\n<p>Con un linguaggio diretto, Curreli ha ricordato quanto sia complesso amministrare decine di condom\u00ecni e quanto sia fondamentale imparare a <strong>delegare<\/strong>, <strong>digitalizzare <\/strong>e <strong>pianificare <\/strong>per non lavorare in costante stato di ansia.<\/p>\n<blockquote><p><a href=\"https:\/\/www.youtube.com\/watch?v=t5VkU5_8xCs&amp;t=225s\" target=\"_blank\" rel=\"noopener\">Guarda il video dell\u2019intervento di Antonello Curreli &gt;<\/a><\/p><\/blockquote>\n<h4>A.Castagna &#8211; \u201cCase Green e comunit\u00e0 energetiche: strategie per la transizione ecologica&#8221;<\/h4>\n<p>Annachiara Castagna, Product Manager di TeamSystem Logical Soft, ha riportato l\u2019attenzione sulla <strong>transizione ecologica<\/strong>, mostrando come la Direttiva europea Case Green e le comunit\u00e0 energetiche possano trasformarsi <strong>da vincoli a opportunit\u00e0<\/strong> per gli amministratori.<\/p>\n<p>Il suo intervento ha toccato con chiarezza il ruolo strategico che pu\u00f2 avere oggi un <a href=\"\/blog\/come-diventare-amministratore-di-condominio\/\">amministratore di condominio<\/a>: essere promotore di scelte sostenibili, consapevoli e capaci di generare valore nel tempo per l\u2019intero condominio.<\/p>\n<p>Tra <strong>esempi concreti, scenari normativi e casi pratici<\/strong>, Castagna ha offerto uno sguardo lucido su come guidare i condom\u00ecni verso una gestione pi\u00f9 efficiente anche dal punto di vista ambientale.<\/p>\n<blockquote><p><a href=\"https:\/\/www.youtube.com\/watch?v=t5VkU5_8xCs&amp;t=2038s\" target=\"_blank\" rel=\"noopener\">Guarda il video dell\u2019intervento di Annachiara Castagna &gt;<\/a><\/p><\/blockquote>\n<h4>M.Peroni e A.Lori &#8211; &#8220;Condomini morosi: come tutelare il bilancio e recuperare i crediti&#8221;<\/h4>\n<p>Matteo Peroni, avvocato esperto in materia condominiale, e Alfredo Lori, Product Manager di Cheope Risk Management, hanno chiuso la giornata con uno speech molto atteso dedicato alla <strong>morosit\u00e0<\/strong>.<\/p>\n<p>Con taglio pratico, hanno spiegato perch\u00e9 i <strong>crediti insoluti<\/strong> rappresentano una delle principali minacce alla stabilit\u00e0 finanziaria degli studi, e come sia possibile intervenire prima che diventino ingestibili.<\/p>\n<p>Dalle <strong>soluzioni stragiudiziali<\/strong> agli <strong>strumenti giuridici pi\u00f9 efficaci per il <a href=\"\/blog\/gestione-recupero-crediti-condominiali\/\">recupero crediti condominiali<\/a><\/strong>, l\u2019intervento ha dato agli amministratori un quadro operativo chiaro per affrontare con maggiore sicurezza una delle problematiche pi\u00f9 comuni (e pi\u00f9 stressanti) della professione.<\/p>\n<blockquote><p><a href=\"https:\/\/www.youtube.com\/watch?v=t5VkU5_8xCs&amp;t=3921s\" target=\"_blank\" rel=\"noopener\">Guarda il video dell\u2019intervento di Matteo Peroni e Alfredo Lori &gt;<\/a><\/p><\/blockquote>\n<h4>Il video integrale della prima giornata<\/h4>\n<p><iframe loading=\"lazy\" style=\"max-width: 100%;\" title=\"DomusWeek 2025 \u2013 Prima Giornata\" src=\"https:\/\/www.youtube.com\/embed\/t5VkU5_8xCs\" width=\"560\" height=\"315\" frameborder=\"0\" allowfullscreen=\"allowfullscreen\"><\/iframe><\/p>\n<h3>Seconda giornata: comunicazione e gestione dei conflitti<\/h3>\n<h4>V.Surico &#8211; &#8220;Comunicazione efficace e reputazione: strategie per distinguersi e rendersi autorevoli\u201d<\/h4>\n<p>Maria Valeria Surico, Head of Brand, PR &amp; Content di TeamSystem, ha aperto la seconda giornata della DomusWeek con un intervento dedicato al valore della <strong>comunicazione <\/strong>e della <strong>reputazione professionale<\/strong>.<\/p>\n<p>In un\u2019epoca in cui l\u2019immagine conta quanto le competenze,<strong> sapersi raccontare in modo autorevole e autentico<\/strong> \u00e8 una leva strategica per distinguersi sul mercato.<\/p>\n<p>Surico ha parlato di <strong>storytelling, coerenza e posizionamento<\/strong>, e di quanto sia importante non lasciare ad altri la narrazione della propria identit\u00e0. Solo chi riesce a comunicare con intenzione pu\u00f2 costruire fiducia e autorevolezza durature.<\/p>\n<blockquote><p><a href=\"https:\/\/www.youtube.com\/watch?v=7G2u21noEaM&amp;t=155s\" target=\"_blank\" rel=\"noopener\">Guarda il video dell\u2019intervento di Maria Valeria Surico &gt;<\/a><\/p><\/blockquote>\n<h4>G.Danesi &#8211; &#8220;Comunicazione snella: meno mail e pi\u00f9 strategie vincenti&#8221;<\/h4>\n<p>Giorgio Danesi, CEO di Copernico CRM, ha proseguito la riflessione sulla comunicazione, ma con un focus pi\u00f9 operativo: ridurre il caos nella gestione quotidiana dello studio attraverso <strong>strategie e strumenti digitali<\/strong>.<\/p>\n<p>Ha mostrato come un <strong>CRM strutturato<\/strong> possa alleggerire lo stress, semplificare i flussi comunicativi e migliorare il coordinamento tra team, fornitori e cond\u00f2mini.<\/p>\n<p><strong>Meno mail, pi\u00f9 processi chiari<\/strong>: \u00e8 questo il mantra di un approccio che punta a trasformare la comunicazione da problema a risorsa.<\/p>\n<blockquote><p><a href=\"https:\/\/www.youtube.com\/watch?v=7G2u21noEaM&amp;t=1910s\" target=\"_blank\" rel=\"noopener\">Guarda il video dell\u2019intervento di Giorgio Danesi &gt;<\/a><\/p><\/blockquote>\n<h4>G.Trenti &#8211; &#8220;Strategie psicologiche per gestire i conflitti e generare consenso&#8221;<\/h4>\n<p>Giuliano Trenti, CEO di Neurexplore, ha chiuso la giornata con uno speech coinvolgente dedicato alla <strong>psicologia del consenso<\/strong> e alla <strong>gestione dei conflitti<\/strong>.<\/p>\n<p>Attraverso il racconto di dinamiche comuni alle <a href=\"\/blog\/convocazione-assemblea-condominiale\/\"><strong>assemblee condominiali<\/strong><\/a>, ha illustrato come riconoscere i meccanismi di difesa, smontare le resistenze e condurre le persone verso decisioni condivise.<\/p>\n<p>L\u2019amministratore, ha sottolineato, non \u00e8 solo un tecnico, ma anche un <strong>facilitatore di processi complessi<\/strong>, che deve saper leggere la realt\u00e0 con empatia e agire con consapevolezza.<\/p>\n<blockquote><p><a href=\"https:\/\/www.youtube.com\/watch?v=7G2u21noEaM&amp;t=3798s\" target=\"_blank\" rel=\"noopener\">Guarda il video dell\u2019intervento di Giuliano Trenti &gt;<\/a><\/p><\/blockquote>\n<h4>Il video integrale della seconda giornata<\/h4>\n<p><iframe loading=\"lazy\" style=\"max-width: 100%;\" title=\"DomusWeek 2025 \u2013 Seconda Giornata\" src=\"https:\/\/www.youtube.com\/embed\/7G2u21noEaM\" width=\"560\" height=\"315\" frameborder=\"0\" allowfullscreen=\"allowfullscreen\"><\/iframe><\/p>\n<h3>Terza giornata: crescita e innovazione<\/h3>\n<h4>D.Fanelli &#8211; &#8220;La formazione: #FALLOEBASTA&#8221;<\/h4>\n<p>Daniele Fanelli, CEO di Formaced, ha portato sul palco una riflessione motivazionale e al tempo stesso pratica: crescere significa mettersi in gioco, accettare l\u2019errore e formarsi costantemente.<\/p>\n<p>Il suo motto \u2013 #FALLOEBASTA \u2013 \u00e8 un invito a <strong>superare l\u2019immobilismo<\/strong> e a scegliere con coraggio di evolvere.<\/p>\n<p>Fanelli ha condiviso <strong>tecniche formative, strumenti di crescita e strategie<\/strong> per trasformare ogni difficolt\u00e0 in una leva di miglioramento.<\/p>\n<blockquote><p><a href=\"https:\/\/www.youtube.com\/watch?v=txf3ik-jx1s&amp;t=70s\" target=\"_blank\" rel=\"noopener\">Guarda il video dell\u2019intervento di Daniele Fanelli &gt;<\/a><\/p><\/blockquote>\n<h4>M.Tura De Marco &#8211; &#8220;Da amministratore a imprenditore: come far decollare il tuo studio&#8221;<\/h4>\n<p>Mario Tura De Marco, CEO di Amministratore Evoluto, ha riportato l\u2019attenzione sulla visione imprenditoriale.<\/p>\n<p>Secondo l\u2019esperto, il vero salto di qualit\u00e0 nella professione arriva quando si smette di reagire agli eventi e si inizia a costruire una <strong>strategia di lungo periodo<\/strong>.<\/p>\n<p>Ha parlato di personal branding, di <a href=\"\/blog\/aprire-uno-studio-di-amministrazione-condominiale-da-dove-iniziare\/\">studio di amministrazione<\/a> come impresa, di analisi dei costi e dei margini: un <strong>approccio manageriale<\/strong> che aiuta a prendere decisioni con lucidit\u00e0 e consapevolezza.<\/p>\n<blockquote><p><a href=\"https:\/\/www.youtube.com\/watch?v=txf3ik-jx1s&amp;t=1609s\" target=\"_blank\" rel=\"noopener\">Guarda il video dell\u2019intervento di Mario Tura De Marco &gt;<\/a><\/p><\/blockquote>\n<h4>D.Ratti &#8211; &#8220;Intelligenza Artificiale come opportunit\u00e0: il nuovo progetto TeamSystem&#8221;<\/h4>\n<p>Daniele Ratti, Founder di Fatture in Cloud, ha concluso il ciclo online della DomusWeek con un intervento ispirato all\u2019innovazione tecnologica.<\/p>\n<p>Ha mostrato come <strong>l\u2019intelligenza artificiale<\/strong> stia entrando nei software per supportare il lavoro quotidiano degli amministratori, automatizzare attivit\u00e0 ripetitive e offrire insight strategici.<\/p>\n<p>Ratti ha anche raccontato in anteprima alcuni sviluppi futuri del <strong>progetto TeamSystem<\/strong>, sottolineando l\u2019importanza di investire oggi su strumenti capaci di generare valore domani.<\/p>\n<blockquote><p><a href=\"https:\/\/www.youtube.com\/watch?v=txf3ik-jx1s&amp;t=3776s\" target=\"_blank\" rel=\"noopener\">Guarda il video dell\u2019intervento di Daniele Ratti &gt;<\/a><\/p><\/blockquote>\n<h4>Il video integrale della terza giornata<\/h4>\n<p><iframe loading=\"lazy\" style=\"max-width: 100%;\" title=\"DomusWeek 2025 \u2013 Terza Giornata\" src=\"https:\/\/www.youtube.com\/embed\/txf3ik-jx1s\" width=\"560\" height=\"315\" frameborder=\"0\" allowfullscreen=\"allowfullscreen\"><\/iframe><\/p>\n<h3>Quarta giornata: confronto in presenza e visione futura<\/h3>\n<p>La giornata conclusiva ha rappresentato il momento di <strong>sintesi e confronto<\/strong> dal vivo tra amministratori, team Danea e ospiti delle giornate precedenti.<\/p>\n<p>\u00c8 stata una mattinata ricca di contenuti, riflessioni e networking, che ha chiuso il cerchio del percorso iniziato online.<\/p>\n<h4>G. Paoloemilio &#8211; &#8220;Collaborazioni vincenti: una rete di supporto per lo studio&#8221;<\/h4>\n<p>Giulio Paoloemilio, Vicepresidente A.I.A.C., ha aperto l\u2019incontro parlando del <strong>valore della rete professionale<\/strong>.<\/p>\n<p>Relazioni solide con colleghi, fornitori e collaboratori sono \u2013 secondo Paoloemilio \u2013 una risorsa imprescindibile per affrontare con pi\u00f9 lucidit\u00e0 e forza un mestiere sempre pi\u00f9 complesso.<\/p>\n<p>Il suo intervento ha alternato riflessioni umane e spunti operativi, ricordando quanto conti, oggi pi\u00f9 che mai, il <strong>capitale relazionale<\/strong>.<\/p>\n<h4>Presentazione di prodotto<\/h4>\n<p>Durante la seconda parte della mattinata i team Danea e TeamSystem hanno offerto un <strong>aggiornamento sulle novit\u00e0 di Domustudio e Brainware<\/strong>: vantaggi della fatturazione elettronica, funzionalit\u00e0 legate ai pagamenti digitali, sviluppo del nuovo prodotto Native Cloud e primi test sull\u2019integrazione dell\u2019intelligenza artificiale.<\/p>\n<p>\u00c8 stato un momento prezioso per mostrare concretamente come <strong>Danea Domustudio stia evolvendo<\/strong>, ascoltando le esigenze dei clienti e anticipando le trasformazioni del settore.<\/p>\n<h4>Tavola rotonda con gli speaker DomusWeek<\/h4>\n<p>A chiudere l\u2019evento, una tavola rotonda dal vivo che ha visto protagonisti gli speaker delle giornate precedenti.<\/p>\n<p>Il confronto ha toccato i temi <strong>dell\u2019innovazione<\/strong>, della <strong>visione imprenditoriale<\/strong>, della <strong>sostenibilit\u00e0 <\/strong>e della <strong>gestione del tempo<\/strong>.<\/p>\n<p>Un dialogo vivace e costruttivo che ha restituito agli amministratori presenti non solo idee pratiche, ma anche una forte carica ispirazionale per affrontare con consapevolezza le sfide del futuro.<\/p>\n<p><iframe loading=\"lazy\" style=\"max-width: 100%;\" title=\"DomusWeek 2025 \u2013 Quarta Giornata\" src=\"https:\/\/www.youtube.com\/embed\/pOy7JHQZXm4\" width=\"560\" height=\"315\" frameborder=\"0\" allowfullscreen=\"allowfullscreen\"><\/iframe><\/p>\n<p>La DomusWeek 2025, organizzata dal <a href=\"\/software\/domustudio\/\">software di gestione condominiale Danea Domustudio<\/a><strong>,<\/strong>\u00a0 si \u00e8 chiusa con un messaggio forte e chiaro: oggi, pi\u00f9 che mai, <strong>l\u2019amministratore non \u00e8 solo un esecutore, ma un vero e proprio imprenditore<\/strong>.<\/p>\n<p>Un professionista che pianifica, guida, innova. Che sa costruire relazioni, adottare nuove tecnologie e prendersi il tempo per decidere dove vuole portare la propria attivit\u00e0.<\/p>\n<p>Ed \u00e8 proprio con questa consapevolezza che si chiude il cerchio della seconda edizione della DomusWeek: con la voglia di evolvere, di ispirarsi a modelli nuovi, di ripensare la propria professionalit\u00e0 come un progetto in continua crescita.<\/p>\n<div class=\"post-tags2\"><a href=\"https:\/\/www.danea.it\/blog\/tag\/domustudio\/\"> Consigliati per Domustudio<\/a><\/div>\n","protected":false},"excerpt":{"rendered":"<p>I video degli interventi che hanno segnato la DomusWeek 2025, un evento ricco di spunti per una gestione condominiale pi\u00f9 efficiente.<\/p>\n<div style=\"margin-bottom:35px\"><\/div>\n","protected":false},"author":31,"featured_media":29518,"comment_status":"closed","ping_status":"closed","sticky":false,"template":"","format":"standard","meta":{"yasr_overall_rating":0,"yasr_post_is_review":"","yasr_auto_insert_disabled":"","yasr_review_type":"","footnotes":""},"categories":[58,128,6],"tags":[3],"class_list":["post-29516","post","type-post","status-publish","format-standard","has-post-thumbnail","hentry","category-amministrazione-condominiale","category-domustudio","category-primo-piano","tag-domustudio"],"yasr_visitor_votes":{"stars_attributes":{"read_only":false,"span_bottom":false},"number_of_votes":1,"sum_votes":5},"wps_subtitle":"Ripercorriamo insieme il percorso tracciato dagli speaker e tiriamo le fila di un evento unico, che ha catturato l\u2019interesse di migliaia di amministratori professionisti italiani.","_links":{"self":[{"href":"https:\/\/www.danea.it\/blog\/wp-json\/wp\/v2\/posts\/29516","targetHints":{"allow":["GET"]}}],"collection":[{"href":"https:\/\/www.danea.it\/blog\/wp-json\/wp\/v2\/posts"}],"about":[{"href":"https:\/\/www.danea.it\/blog\/wp-json\/wp\/v2\/types\/post"}],"author":[{"embeddable":true,"href":"https:\/\/www.danea.it\/blog\/wp-json\/wp\/v2\/users\/31"}],"replies":[{"embeddable":true,"href":"https:\/\/www.danea.it\/blog\/wp-json\/wp\/v2\/comments?post=29516"}],"version-history":[{"count":23,"href":"https:\/\/www.danea.it\/blog\/wp-json\/wp\/v2\/posts\/29516\/revisions"}],"predecessor-version":[{"id":29541,"href":"https:\/\/www.danea.it\/blog\/wp-json\/wp\/v2\/posts\/29516\/revisions\/29541"}],"wp:featuredmedia":[{"embeddable":true,"href":"https:\/\/www.danea.it\/blog\/wp-json\/wp\/v2\/media\/29518"}],"wp:attachment":[{"href":"https:\/\/www.danea.it\/blog\/wp-json\/wp\/v2\/media?parent=29516"}],"wp:term":[{"taxonomy":"category","embeddable":true,"href":"https:\/\/www.danea.it\/blog\/wp-json\/wp\/v2\/categories?post=29516"},{"taxonomy":"post_tag","embeddable":true,"href":"https:\/\/www.danea.it\/blog\/wp-json\/wp\/v2\/tags?post=29516"}],"curies":[{"name":"wp","href":"https:\/\/api.w.org\/{rel}","templated":true}]}}