{"id":4022,"date":"2022-07-19T06:26:16","date_gmt":"2022-07-19T04:26:16","guid":{"rendered":"http:\/\/www.danea.it\/blog\/?p=4022"},"modified":"2022-07-19T09:34:33","modified_gmt":"2022-07-19T07:34:33","slug":"domande-colloquio-lavoro","status":"publish","type":"post","link":"https:\/\/www.danea.it\/blog\/domande-colloquio-lavoro\/","title":{"rendered":"10 domande fondamentali da fare a un colloquio di lavoro"},"content":{"rendered":"<p dir=\"ltr\">Se anche tu sei titolare d\u2019impresa o responsabile nella ricerca del personale da assumere, \u00e8 molto probabile che ti sia chiesto varie volte quali sono le <strong>domande per il colloquio di lavoro<\/strong> perfetto che ti permetta di trovare il candidato ideale da inserire nel team: un profilo affidabile e competente, pronto a contribuire allo sviluppo aziendale.<\/p>\n<p>Il colloquio di lavoro \u00e8 una fase fondamentale del processo per <a href=\"https:\/\/www.dipendentincloud.it\/blog\/come-cercare-trovare-personale\/?utm_source=danea&amp;utm_medium=link-testuale&amp;utm_campaign=danea-blog-articoli-hr&amp;utm_content=colloquio-lavoro\">cercare dipendenti<\/a>. Infatti, ponendo le giuste domande, sarai in grado di <strong>comprendere meglio la personalit\u00e0 e professionalit\u00e0 del candidato<\/strong> ed, eventualmente, indagare su aspetti del suo curriculum che ti sono poco chiari.<\/p>\n<p>Per aiutarti ad affrontare questa fase, vogliamo fornirti <strong>l\u2019elenco completo delle nostre 10 domande da fare assolutamente ad un colloquio di lavoro<\/strong>. Punti focali che ti aiuteranno a capire se il profilo \u00e8 affidabile e competente, pronto a contribuire allo sviluppo aziendale.<\/p>\n\n<h3 dir=\"ltr\">1- Puoi parlarci di te a livello caratteriale e professionale?<\/h3>\n<p>Questa domanda ti mette nella condizione ideale per ottenere una <strong>panoramica complessiva del candidato<\/strong>, che ti permetta di capire quali sono i suoi interessi, le occupazioni quotidiane, ma anche le competenze e le esperienze a livello lavorativo. Una sorta di vera e propria radiografia integrale, volta a chiarirti le idee sul tipo di persona con cui, in futuro, potresti trovarti ad avere a che fare tutti i giorni.<\/p>\n<h3>2- A livello lavorativo quali sono i tuoi obiettivi e le tue aspirazioni?<\/h3>\n<p>Da questa domanda puoi intuire il <strong>livello di ambizione<\/strong> del candidato e comprendere se possa fare prendere parte o meno del futuro della tua azienda. Se, per esempio, tu gestisci una realt\u00e0 medio-piccola e il soggetto esprime il desiderio di diventare nel tempo un importante manager, \u00e8 probabile che lui consideri la tua offerta come un ripiego momentaneo, in attesa di trovare spazio in una struttura pi\u00f9 grande.<\/p>\n<a class=\"cta-container\" data-click-cta=\"dic-01\" href=\"https:\/\/www.dipendentincloud.it\/?utm_source=danea&utm_medium=banner&utm_campaign=danea-blog-articoli-hr\"><div style=\"background-color: #0052cc; color: #fff; margin: 1em 0;\">\r\n  <div class=\"row\" style=\"padding: 1em;\">\r\n    <div class=\"col-md-6\">\r\n      <img decoding=\"async\" class=\"img-fluid\" src=\"\/blog\/wp-content\/uploads\/img-banner-blog-dic.png\" alt=\"Dipendenti in cloud software gestione dipendenti\" style=\"padding-top: 1em\">\r\n    <\/div>\r\n    <div class=\"col-md-6\" style=\"padding-right: 0.8em; padding-left: 0.5em;\">\r\n      <img decoding=\"async\" class=\"img-fluid\" width=\"150\" src=\"\/blog\/wp-content\/uploads\/logo-dic-orizzontale-2024.png\" alt=\"Dipendenti in cloud software gestione dipendenti\" style=\"margin-top: 5px; margin-bottom:5px\">\r\n      <br>\r\n      <p><span style=\"font-size: 17px\">\r\n        Gestire i dipendenti \u00e8 facile, basta usare lo strumento giusto!<\/span>\r\n      <br>\r\n       <span style=\"font-size: 15px\">\r\n       Presenze, piani ferie, note spese... e molto altro!<\/span>\r\n      <\/p>\r\n      <div>\r\n        <span class=\"btn btn-banner-green\">\r\n          PROVALO GRATIS ORA <i class=\"fa-solid fa-arrow-right\"><\/i>\r\n        <\/span>\r\n      <\/div>\r\n    <\/div>\r\n  <\/div>\r\n<\/div>\r\n<\/a>\n<h3>3- Quale ruolo vorresti ricoprire nell\u2019immediato?<\/h3>\n<p>Questa domanda, oltre a darti modo di individuare le <strong>esigenze-preferenze del candidato<\/strong>, ti aiuta anche a capire se possiede a tutti gli effetti le <strong>competenze necessarie<\/strong> a svolgere il ruolo richiesto.<\/p>\n<h3>4- Qual \u00e8 la decisione pi\u00f9 impegnativa-importante che hai preso nella tua vita?<\/h3>\n<p>Una domanda trabocchetto che ti permette di capire il <strong>reale senso di responsabilit\u00e0 del candidato<\/strong>. In base alla risposta fornita, puoi modo di scoprire che genere di questioni-problemi pu\u00f2 gestire e, di conseguenza, anche che grado di responsabilit\u00e0 affidargli.<\/p>\n<h3>5- Qual \u00e8 la soddisfazione maggiore che ti sei preso dal punto di vista professionale?<\/h3>\n<p>Con questa domanda puoi verificare l\u2019effettiva <strong>capacit\u00e0 del candidato nell\u2019imporsi-raggiungere obiettivi reali<\/strong>, che possano farlo crescere sia dal punto di vista personale, sia, soprattutto, dal punto di vista professionale.<\/p>\n<h3>6- Come ti immagini tra dieci anni e che ruolo vorresti ricoprire?<\/h3>\n<p>Con questa domanda puoi capire <strong>se la persona possiede o meno il cosiddetto spirito di progettualit\u00e0<\/strong>: se ti risponde che tra un dieci di anni si vede con un determinato lavoro, una famiglia, dei figli ed altre cose del genere, dimostra l\u2019intenzione di ideare qualcosa di stabile. Viceversa, se ti spiega che si vede nella posizione attuale, dimostra soltanto una scarsa capacit\u00e0 organizzativa.<\/p>\n<h3>7- Un giorno ti piacerebbe metterti in proprio e perch\u00e9?<\/h3>\n<p>Chiedendo questo puoi testare il <strong>livello di autonomia e gli obiettivi professionali<\/strong> prefissati dal candidato. Un modo semplice ed efficace per scoprire se, tra le varie caratteristiche, possiede anche un minimo senso del rischio.<\/p>\n<h3>8- Perch\u00e9 hai scelto di proporti alla nostra azienda?<\/h3>\n<p>Domanda utile per capire la <strong>reale motivazione<\/strong> che ha spinto la persona a presentarsi al colloquio: se, per esempio, ha studiato tutt\u2019altro, \u00e8 molto probabile che, oltre a non avere assolutamente le idee chiare sulla strada da intraprendere, consideri la tua opportunit\u00e0 al pari di qualsiasi altra.<\/p>\n<h3>9- Cosa sai della nostra azienda?<\/h3>\n<p>Questo quesito permette di scoprire il<strong> grado di interesse-motivazione del candidato nei confronti della tua azienda<\/strong>: se dimostra di essersi informato e di avere qualche conoscenza \u00e8 certamente un buon segno, ma se risulta passivo al punto di non sapere niente-non chiedere niente, si tratta quasi certamente di un profilo demotivato.<\/p>\n<h3>10- Puoi indicarci 3 motivi per cui dovremmo scegliere te invece di altri candidati?<\/h3>\n<p>Domanda importantissima che consente di capire <strong>quanto concreto-persuasivo-determinato possa essere il candidato<\/strong> in questione: se sa vendersi bene senza temere la concorrenza, \u00e8 molto probabile che in futuro sappia vendere altrettanto bene anche i tuoi prodotti-servizi.<\/p>\n<p>Queste le nostre 10 domande da chiedere al candidato durante il colloquio di selezione: ti permetteranno di individuare la persona giusta da inserire nella tua azienda: un\/una dipendente di fiducia che, oltre a darti grandi soddisfazioni, sappia anche aiutarti a sviluppare l\u2019impresa nel modo pi\u00f9 corretto.<\/p>\n<p style=\"text-align: right;\"><em>photo credit: <a href=\"https:\/\/www.flickr.com\/photos\/marcobellucci\/3534516458\" target=\"_blank\" rel=\"nofollow noopener noreferrer\">Marco Bellucci<\/a> (<a href=\"https:\/\/creativecommons.org\/licenses\/by\/2.0\/\" target=\"_blank\" rel=\"nofollow noopener noreferrer\">license<\/a>)<\/em><\/p>\n<div class=\"post-tags2\"><a href=\"https:\/\/www.danea.it\/blog\/tag\/domustudio\/\"> Consigliati per Domustudio<\/a><a href=\"https:\/\/www.danea.it\/blog\/tag\/easyfatt\/\"> Consigliati per Easyfatt<\/a><\/div>\n","protected":false},"excerpt":{"rendered":"<p>Le domande da fare assolutamente al candidato durante un colloquio di lavoro, perch\u00e9 ti aiutano a conoscerlo meglio. Scopri quali sono. <\/p>\n<div style=\"margin-bottom:35px\"><\/div>\n","protected":false},"author":31,"featured_media":4023,"comment_status":"open","ping_status":"open","sticky":false,"template":"","format":"standard","meta":{"yasr_overall_rating":0,"yasr_post_is_review":"","yasr_auto_insert_disabled":"","yasr_review_type":"","footnotes":""},"categories":[142],"tags":[3,4],"class_list":["post-4022","post","type-post","status-publish","format-standard","has-post-thumbnail","hentry","category-colloqui","tag-domustudio","tag-easyfatt"],"yasr_visitor_votes":{"stars_attributes":{"read_only":false,"span_bottom":false},"number_of_votes":64,"sum_votes":263},"wps_subtitle":"Cosa chiedere ad un candidato durante il colloquio di selezione","_links":{"self":[{"href":"https:\/\/www.danea.it\/blog\/wp-json\/wp\/v2\/posts\/4022","targetHints":{"allow":["GET"]}}],"collection":[{"href":"https:\/\/www.danea.it\/blog\/wp-json\/wp\/v2\/posts"}],"about":[{"href":"https:\/\/www.danea.it\/blog\/wp-json\/wp\/v2\/types\/post"}],"author":[{"embeddable":true,"href":"https:\/\/www.danea.it\/blog\/wp-json\/wp\/v2\/users\/31"}],"replies":[{"embeddable":true,"href":"https:\/\/www.danea.it\/blog\/wp-json\/wp\/v2\/comments?post=4022"}],"version-history":[{"count":11,"href":"https:\/\/www.danea.it\/blog\/wp-json\/wp\/v2\/posts\/4022\/revisions"}],"predecessor-version":[{"id":25355,"href":"https:\/\/www.danea.it\/blog\/wp-json\/wp\/v2\/posts\/4022\/revisions\/25355"}],"wp:featuredmedia":[{"embeddable":true,"href":"https:\/\/www.danea.it\/blog\/wp-json\/wp\/v2\/media\/4023"}],"wp:attachment":[{"href":"https:\/\/www.danea.it\/blog\/wp-json\/wp\/v2\/media?parent=4022"}],"wp:term":[{"taxonomy":"category","embeddable":true,"href":"https:\/\/www.danea.it\/blog\/wp-json\/wp\/v2\/categories?post=4022"},{"taxonomy":"post_tag","embeddable":true,"href":"https:\/\/www.danea.it\/blog\/wp-json\/wp\/v2\/tags?post=4022"}],"curies":[{"name":"wp","href":"https:\/\/api.w.org\/{rel}","templated":true}]}}