{"id":9674,"date":"2016-11-28T06:16:24","date_gmt":"2016-11-28T05:16:24","guid":{"rendered":"https:\/\/www.danea.it\/blog\/?p=9674"},"modified":"2022-04-28T10:59:48","modified_gmt":"2022-04-28T08:59:48","slug":"regime-forfettario-superamento-limiti","status":"publish","type":"post","link":"https:\/\/www.danea.it\/blog\/regime-forfettario-superamento-limiti\/","title":{"rendered":"Regime forfettario e il superamento dei limiti: niente forfait per chi sfora"},"content":{"rendered":"<p>Esce dal Decreto Fiscale della Legge di Stabilit\u00e0 la possibilit\u00e0 di beneficiare del <strong>regime forfettario<\/strong> per chi rientra nel<strong> regime dei minimi<\/strong>: questo l\u2019esito per ora destinato a una misura che consentirebbe alle nuove partite IVA in <strong>regime fiscale agevolato<\/strong> di applicare per due volte in cinque anni un\u2019imposta forfettaria del 27%, in <strong>caso di superamento dei limiti di reddito fino a 15.000 euro.<\/strong><\/p>\n<p>Dato che lo <strong>scopo della manovra<\/strong> era certamente quello di assecondare tutti i contribuenti che si trovavano a superare le soglie di reddito in modo pressoch\u00e9 occasionale, il fatto che l\u2019emendamento sia stato accantonato (per ragioni di coperture finanziarie), impedisce a tali soggetti di restare nel <a href=\"https:\/\/www.danea.it\/blog\/regime-forfettario-requisiti\/\" target=\"_blank\" rel=\"noopener noreferrer\">regime forfettario<\/a> evitando la tassazione ordinaria.<\/p>\n<p>Nonostante la situazione descritta, non si esclude per\u00f2 in maniera categorica che la normativa dedicata alle partite IVA in regime dei minimi possa essere ripresentata e presa in considerazione nella Legge di Bilancio. Questo perch\u00e9 la suddetta norma (che garantisce maggiore flessibilit\u00e0 al regime fiscale agevolato) ha il favore di PMI e associazioni di categoria dei lavoratori autonomi.<\/p>\n<p>A testimonianza di ci\u00f2, la <strong>Confederazione Nazionale Artigianato<\/strong> (<strong>CNA<\/strong>) individua nella manovra a favore del superamento dei limiti di reddito, oltre che un modo per apportare semplificazioni a chi \u00e8 nel regime forfetario, anche una soluzione per eliminare i costi amministrativi causati dalle uscite ed eventuali rientri nel regime forfettario.<\/p>\n<a class=\"cta-container\" data-click-cta=\"fic-01\" href=\"https:\/\/www.fattureincloud.it\/land\/fattura-elettronica-forfettario\/?utm_source=danea&utm_medium=banner&utm_campaign=danea-landing-to-FIC\" target=\"_blank\"><div style=\"background-color: #0094d4; color: #fff; margin: 1em 0;\">\r\n  <div class=\"row\" style=\"padding: 1em;\">\r\n    <div class=\"col-md-6\">\r\n      <img decoding=\"async\" class=\"img-fluid\" src=\"\/blog\/wp-content\/uploads\/img-banner-blog-forfettari-fatture-in-cloud.png\" alt=\"Fatture in Cloud - software fatturazione elettronica\" style=\"padding-top: 1em\">\r\n    <\/div>\r\n    <div class=\"col-md-6\" style=\"padding-right: 0.8em; padding-left: 0.5em;\">\r\n      <img decoding=\"async\" class=\"img-fluid\" width=\"140\" src=\"\/blog\/wp-content\/uploads\/logo-fatture-in-cloud-2024-bianco.png\" alt=\"fatture in cloud\"  style=\"margin-top: 5px\">\r\n      <p style=\"line-height:2px\"><\/p>\r\n      <p><span style=\"font-size: 18px\">\r\n        Hey, forfettario! Semplificati la vita.<\/span>\r\n      <br>\r\n       <span style=\"font-size: 18px\"><strong>\r\n      Fatture in Cloud \u00e8 in offerta a soli 4\u20ac\/mese!<\/span>\r\n      <\/p>\r\n      <div>\r\n        <span class=\"btn btn-banner-green\">\r\n           SCOPRI SUBITO L'OFFERTA <i class=\"fa-solid fa-arrow-right\"><\/i>\r\n        <\/span>\r\n      <\/div>\r\n    <\/div>\r\n  <\/div>\r\n<\/div>\r\n<\/a>\n<p>Per meglio comprendere tale concetto basti infatti sapere che, nell\u2019anno di abbandono del regime dei minimi, si \u00e8 obbligati a sostenere un elevato esborso economico per rivedere l\u2019intero comparto contabile e regolarizzarlo dal punto di vista dell\u2019IVA, come anche da quello delle imposte dirette e dell\u2019IRAP.<\/p>\n<p>Nel frattempo sottolineiamo comunque il fatto che il decreto \u00e8 tornato a Montecitorio con <strong>voto di fiducia<\/strong> e che alla Camera le attese sono alte. Dopodich\u00e9 il testo passer\u00e0 nelle mani del Senato e, a quel punto (forse), ne sapremo di pi\u00f9.<\/p>\n<blockquote><p><span data-sheets-value=\"{&quot;1&quot;:2,&quot;2&quot;:&quot;Leggi anche la guida alla Fattura regime forfettario&quot;}\" data-sheets-userformat=\"{&quot;2&quot;:262657,&quot;3&quot;:{&quot;1&quot;:0},&quot;12&quot;:0,&quot;21&quot;:0}\" data-sheets-textstyleruns=\"{&quot;1&quot;:0}\uee10{&quot;1&quot;:26,&quot;2&quot;:{&quot;5&quot;:1}}\">Leggi anche la guida alla <a href=\"https:\/\/www.danea.it\/blog\/fattura-regime-forfettario\/\">Fattura regime forfettario<\/a>.<\/span><\/p><\/blockquote>\n<p style=\"text-align: right;\">Photo credit: <span style=\"text-decoration: underline;\"><em><a href=\"https:\/\/www.flickr.com\/photos\/56218409@N03\/24815190710\/\" target=\"_blank\" rel=\"nofollow noopener noreferrer\">Matthias Ripp<\/a><\/em><\/span> &#8211; <em><a href=\"https:\/\/creativecommons.org\/licenses\/by\/2.0\/\" target=\"_blank\" rel=\"nofollow noopener noreferrer\">cc<\/a><\/em>.<\/p>\n<div class=\"post-tags2\"><a href=\"https:\/\/www.danea.it\/blog\/tag\/easyfatt\/\"> Consigliati per Easyfatt<\/a><\/div>\n","protected":false},"excerpt":{"rendered":"<p>Eliminata dal Decreto Fiscale della Legge di Stabilit\u00e0 la possibilit\u00e0, per chi rientra nel regime dei minimi, di beneficiare del regime dei minimi<\/p>\n<div style=\"margin-bottom:35px\"><\/div>\n","protected":false},"author":30,"featured_media":9680,"comment_status":"open","ping_status":"open","sticky":false,"template":"","format":"standard","meta":{"yasr_overall_rating":0,"yasr_post_is_review":"","yasr_auto_insert_disabled":"","yasr_review_type":"","footnotes":""},"categories":[82,84],"tags":[4],"class_list":["post-9674","post","type-post","status-publish","format-standard","has-post-thumbnail","hentry","category-forfettari","category-mettersi-in-proprio","tag-easyfatt"],"yasr_visitor_votes":{"stars_attributes":{"read_only":false,"span_bottom":false},"number_of_votes":3,"sum_votes":14},"wps_subtitle":"Eliminata dal Decreto Fiscale della Legge di Stabilit\u00e0 la possibilit\u00e0, per chi rientra nel regime dei minimi, di beneficiare del regime dei minimi","_links":{"self":[{"href":"https:\/\/www.danea.it\/blog\/wp-json\/wp\/v2\/posts\/9674","targetHints":{"allow":["GET"]}}],"collection":[{"href":"https:\/\/www.danea.it\/blog\/wp-json\/wp\/v2\/posts"}],"about":[{"href":"https:\/\/www.danea.it\/blog\/wp-json\/wp\/v2\/types\/post"}],"author":[{"embeddable":true,"href":"https:\/\/www.danea.it\/blog\/wp-json\/wp\/v2\/users\/30"}],"replies":[{"embeddable":true,"href":"https:\/\/www.danea.it\/blog\/wp-json\/wp\/v2\/comments?post=9674"}],"version-history":[{"count":10,"href":"https:\/\/www.danea.it\/blog\/wp-json\/wp\/v2\/posts\/9674\/revisions"}],"predecessor-version":[{"id":22143,"href":"https:\/\/www.danea.it\/blog\/wp-json\/wp\/v2\/posts\/9674\/revisions\/22143"}],"wp:featuredmedia":[{"embeddable":true,"href":"https:\/\/www.danea.it\/blog\/wp-json\/wp\/v2\/media\/9680"}],"wp:attachment":[{"href":"https:\/\/www.danea.it\/blog\/wp-json\/wp\/v2\/media?parent=9674"}],"wp:term":[{"taxonomy":"category","embeddable":true,"href":"https:\/\/www.danea.it\/blog\/wp-json\/wp\/v2\/categories?post=9674"},{"taxonomy":"post_tag","embeddable":true,"href":"https:\/\/www.danea.it\/blog\/wp-json\/wp\/v2\/tags?post=9674"}],"curies":[{"name":"wp","href":"https:\/\/api.w.org\/{rel}","templated":true}]}}